{"id":1042,"date":"2013-09-27T13:06:14","date_gmt":"2013-09-27T13:06:14","guid":{"rendered":"http:\/\/www.o-s-s.org\/?p=1042"},"modified":"2017-09-12T16:37:13","modified_gmt":"2017-09-12T16:37:13","slug":"exposicion-en-la-laboral-gijon","status":"publish","type":"post","link":"https:\/\/www.o-s-s.org\/es\/exposicion-en-la-laboral-gijon\/","title":{"rendered":"Exposici\u00f3n en la LABoral Gij\u00f3n"},"content":{"rendered":"<p><!--:es-->Exposici\u00f3n <a href=\"http:\/\/www.laboralcentrodearte.org\/es\/exposiciones\/cuencas\" target=\"_blank\" rel=\"noopener\">\u00abAprendiendo de las Cuencas\u00bb<\/a>, 27.09.2013 &#8211; 23.02.2014 en la LABoral de Gij\u00f3n: Office for Strategic Spaces participa con con el proyecto: \u00abADMINISTRATIVE LANDSCAPE. Form Follows Norm\u00bb (Manifiesto + video instalaci\u00f3n).<br \/>\nComisarios: Nacho Ruiz All\u00e9n y Sara L\u00f3pez Arraiza, zon-e arquitectos; Artistas: \u00d3scar de \u00c1vila, Basurama, Edu Comelles, C\u00f3mo crear historias, Antonio Corral Fern\u00e1ndez, B\u00e1rbara Flux\u00e1, Marcos Mart\u00ednez Merino, Fran Meana, Mind Revolution, Office for Strategic Spaces (OSS), Recetas Urbanas, Daniel Romero.<br \/>\nfotos: OSS, Marcos Morilla<!--:--><!--:en--><\/p>\n<p><!--:--><\/p>\n","protected":false},"excerpt":{"rendered":"<p>Exposici\u00f3n \u00abAprendiendo de las Cuencas\u00bb, 27.09.2013 &#8211; 23.02.2014 en la LABoral de Gij\u00f3n: Office for Strategic Spaces participa con con el proyecto: \u00abADMINISTRATIVE LANDSCAPE. Form Follows Norm\u00bb (Manifiesto + video instalaci\u00f3n). Comisarios: Nacho Ruiz All\u00e9n y Sara L\u00f3pez Arraiza, zon-e arquitectos; Artistas: \u00d3scar de \u00c1vila, Basurama, Edu Comelles, C\u00f3mo crear historias, Antonio Corral Fern\u00e1ndez, B\u00e1rbara [&hellip;]<\/p>\n","protected":false},"author":2,"featured_media":0,"comment_status":"closed","ping_status":"open","sticky":false,"template":"","format":"standard","meta":{"_acf_changed":false,"footnotes":""},"categories":[11],"tags":[65,9,10,66,25,20,67,68,69,12,31,70,26,23],"class_list":["post-1042","post","type-post","status-publish","format-standard","hentry","category-noticias","tag-administrative-landscape","tag-angel-borrego","tag-angel-borrego-cubero","tag-aprendiendo-de-las-cuencas","tag-ensanche","tag-housing","tag-laboral-gijon","tag-learning-from-the-cuencas","tag-norm-follows-form","tag-office-for-strategic-spaces","tag-oss","tag-paisaje-administrativo","tag-pump-up-housing","tag-viviendas"],"acf":[],"yoast_head":"<!-- This site is optimized with the Yoast SEO plugin v27.5 - https:\/\/yoast.com\/product\/yoast-seo-wordpress\/ -->\n<title>Exposici\u00f3n en la LABoral Gij\u00f3n - Office for Strategic Spaces<\/title>\n<meta name=\"robots\" content=\"index, follow, max-snippet:-1, max-image-preview:large, max-video-preview:-1\" \/>\n<link rel=\"canonical\" href=\"https:\/\/www.o-s-s.org\/es\/exposicion-en-la-laboral-gijon\/\" \/>\n<meta property=\"og:locale\" content=\"es_ES\" \/>\n<meta property=\"og:type\" content=\"article\" \/>\n<meta property=\"og:title\" content=\"Exposici\u00f3n en la LABoral Gij\u00f3n - Office for Strategic Spaces\" \/>\n<meta property=\"og:description\" content=\"Exposici\u00f3n \u00abAprendiendo de las Cuencas\u00bb, 27.09.2013 &#8211; 23.02.2014 en la LABoral de Gij\u00f3n: Office for Strategic Spaces participa con con el proyecto: \u00abADMINISTRATIVE LANDSCAPE. Form Follows Norm\u00bb (Manifiesto + video instalaci\u00f3n). Comisarios: Nacho Ruiz All\u00e9n y Sara L\u00f3pez Arraiza, zon-e arquitectos; Artistas: \u00d3scar de \u00c1vila, Basurama, Edu Comelles, C\u00f3mo crear historias, Antonio Corral Fern\u00e1ndez, B\u00e1rbara [&hellip;]\" \/>\n<meta property=\"og:url\" content=\"https:\/\/www.o-s-s.org\/es\/exposicion-en-la-laboral-gijon\/\" \/>\n<meta property=\"og:site_name\" content=\"Office for Strategic Spaces\" \/>\n<meta property=\"article:publisher\" content=\"https:\/\/www.facebook.com\/StrategicSpaces\/\" \/>\n<meta property=\"article:published_time\" content=\"2013-09-27T13:06:14+00:00\" \/>\n<meta property=\"article:modified_time\" content=\"2017-09-12T16:37:13+00:00\" \/>\n<meta name=\"author\" content=\"OSS\" \/>\n<meta name=\"twitter:card\" content=\"summary_large_image\" \/>\n<meta name=\"twitter:label1\" content=\"Escrito por\" \/>\n\t<meta name=\"twitter:data1\" content=\"OSS\" \/>\n<script type=\"application\/ld+json\" class=\"yoast-schema-graph\">{\"@context\":\"https:\\\/\\\/schema.org\",\"@graph\":[{\"@type\":\"Article\",\"@id\":\"https:\\\/\\\/www.o-s-s.org\\\/es\\\/exposicion-en-la-laboral-gijon\\\/#article\",\"isPartOf\":{\"@id\":\"https:\\\/\\\/www.o-s-s.org\\\/es\\\/exposicion-en-la-laboral-gijon\\\/\"},\"author\":{\"name\":\"OSS\",\"@id\":\"https:\\\/\\\/www.o-s-s.org\\\/#\\\/schema\\\/person\\\/2a785beaa4d05af5b373cd96132c3ce3\"},\"headline\":\"Exposici\u00f3n en la LABoral Gij\u00f3n\",\"datePublished\":\"2013-09-27T13:06:14+00:00\",\"dateModified\":\"2017-09-12T16:37:13+00:00\",\"mainEntityOfPage\":{\"@id\":\"https:\\\/\\\/www.o-s-s.org\\\/es\\\/exposicion-en-la-laboral-gijon\\\/\"},\"wordCount\":89,\"publisher\":{\"@id\":\"https:\\\/\\\/www.o-s-s.org\\\/#organization\"},\"keywords\":[\"Administrative Landscape\",\"Angel Borrego\",\"Angel Borrego Cubero\",\"Aprendiendo de las Cuencas\",\"Ensanche\",\"Housing\",\"LABoral Gij\u00f3n\",\"Learning from the Cuencas\",\"Norm Follows Form\",\"Office for Strategic Spaces\",\"OSS\",\"Paisaje Administrativo\",\"Pump Up Housing\",\"Viviendas\"],\"articleSection\":[\"Noticias\"],\"inLanguage\":\"es\"},{\"@type\":\"WebPage\",\"@id\":\"https:\\\/\\\/www.o-s-s.org\\\/es\\\/exposicion-en-la-laboral-gijon\\\/\",\"url\":\"https:\\\/\\\/www.o-s-s.org\\\/es\\\/exposicion-en-la-laboral-gijon\\\/\",\"name\":\"Exposici\u00f3n en la LABoral Gij\u00f3n - Office for Strategic Spaces\",\"isPartOf\":{\"@id\":\"https:\\\/\\\/www.o-s-s.org\\\/#website\"},\"datePublished\":\"2013-09-27T13:06:14+00:00\",\"dateModified\":\"2017-09-12T16:37:13+00:00\",\"breadcrumb\":{\"@id\":\"https:\\\/\\\/www.o-s-s.org\\\/es\\\/exposicion-en-la-laboral-gijon\\\/#breadcrumb\"},\"inLanguage\":\"es\",\"potentialAction\":[{\"@type\":\"ReadAction\",\"target\":[\"https:\\\/\\\/www.o-s-s.org\\\/es\\\/exposicion-en-la-laboral-gijon\\\/\"]}]},{\"@type\":\"BreadcrumbList\",\"@id\":\"https:\\\/\\\/www.o-s-s.org\\\/es\\\/exposicion-en-la-laboral-gijon\\\/#breadcrumb\",\"itemListElement\":[{\"@type\":\"ListItem\",\"position\":1,\"name\":\"Portada\",\"item\":\"https:\\\/\\\/www.o-s-s.org\\\/es\\\/\"},{\"@type\":\"ListItem\",\"position\":2,\"name\":\"Exposici\u00f3n en la LABoral Gij\u00f3n\"}]},{\"@type\":\"WebSite\",\"@id\":\"https:\\\/\\\/www.o-s-s.org\\\/#website\",\"url\":\"https:\\\/\\\/www.o-s-s.org\\\/\",\"name\":\"OSS Office for Strategic Spaces\",\"description\":\"Office for Strategic Spaces  I Arquitectura, Dise\u00f1o  &amp; Investigaci\u00f3n Urbana\",\"publisher\":{\"@id\":\"https:\\\/\\\/www.o-s-s.org\\\/#organization\"},\"potentialAction\":[{\"@type\":\"SearchAction\",\"target\":{\"@type\":\"EntryPoint\",\"urlTemplate\":\"https:\\\/\\\/www.o-s-s.org\\\/?s={search_term_string}\"},\"query-input\":{\"@type\":\"PropertyValueSpecification\",\"valueRequired\":true,\"valueName\":\"search_term_string\"}}],\"inLanguage\":\"es\"},{\"@type\":\"Organization\",\"@id\":\"https:\\\/\\\/www.o-s-s.org\\\/#organization\",\"name\":\"OSS Office for Strategic Spaces\",\"url\":\"https:\\\/\\\/www.o-s-s.org\\\/\",\"logo\":{\"@type\":\"ImageObject\",\"inLanguage\":\"es\",\"@id\":\"https:\\\/\\\/www.o-s-s.org\\\/#\\\/schema\\\/logo\\\/image\\\/\",\"url\":\"https:\\\/\\\/www.o-s-s.org\\\/wp-content\\\/uploads\\\/2017\\\/09\\\/logo-negro.png\",\"contentUrl\":\"https:\\\/\\\/www.o-s-s.org\\\/wp-content\\\/uploads\\\/2017\\\/09\\\/logo-negro.png\",\"width\":764,\"height\":48,\"caption\":\"OSS Office for Strategic Spaces\"},\"image\":{\"@id\":\"https:\\\/\\\/www.o-s-s.org\\\/#\\\/schema\\\/logo\\\/image\\\/\"},\"sameAs\":[\"https:\\\/\\\/www.facebook.com\\\/StrategicSpaces\\\/\",\"https:\\\/\\\/www.instagram.com\\\/officeforstrategicspaces\\\/\",\"https:\\\/\\\/www.youtube.com\\\/user\\\/strategicspaces\\\/\"]},{\"@type\":\"Person\",\"@id\":\"https:\\\/\\\/www.o-s-s.org\\\/#\\\/schema\\\/person\\\/2a785beaa4d05af5b373cd96132c3ce3\",\"name\":\"OSS\",\"image\":{\"@type\":\"ImageObject\",\"inLanguage\":\"es\",\"@id\":\"https:\\\/\\\/secure.gravatar.com\\\/avatar\\\/6cd13c1e3f298d06fdc2886bb60113957663534d195d8b90ef9408d0d520ff23?s=96&d=mm&r=g\",\"url\":\"https:\\\/\\\/secure.gravatar.com\\\/avatar\\\/6cd13c1e3f298d06fdc2886bb60113957663534d195d8b90ef9408d0d520ff23?s=96&d=mm&r=g\",\"contentUrl\":\"https:\\\/\\\/secure.gravatar.com\\\/avatar\\\/6cd13c1e3f298d06fdc2886bb60113957663534d195d8b90ef9408d0d520ff23?s=96&d=mm&r=g\",\"caption\":\"OSS\"},\"url\":\"https:\\\/\\\/www.o-s-s.org\\\/es\\\/author\\\/simonarota\\\/\"}]}<\/script>\n<!-- \/ Yoast SEO plugin. -->","yoast_head_json":{"title":"Exposici\u00f3n en la LABoral Gij\u00f3n - Office for Strategic Spaces","robots":{"index":"index","follow":"follow","max-snippet":"max-snippet:-1","max-image-preview":"max-image-preview:large","max-video-preview":"max-video-preview:-1"},"canonical":"https:\/\/www.o-s-s.org\/es\/exposicion-en-la-laboral-gijon\/","og_locale":"es_ES","og_type":"article","og_title":"Exposici\u00f3n en la LABoral Gij\u00f3n - Office for Strategic Spaces","og_description":"Exposici\u00f3n \u00abAprendiendo de las Cuencas\u00bb, 27.09.2013 &#8211; 23.02.2014 en la LABoral de Gij\u00f3n: Office for Strategic Spaces participa con con el proyecto: \u00abADMINISTRATIVE LANDSCAPE. Form Follows Norm\u00bb (Manifiesto + video instalaci\u00f3n). Comisarios: Nacho Ruiz All\u00e9n y Sara L\u00f3pez Arraiza, zon-e arquitectos; Artistas: \u00d3scar de \u00c1vila, Basurama, Edu Comelles, C\u00f3mo crear historias, Antonio Corral Fern\u00e1ndez, B\u00e1rbara [&hellip;]","og_url":"https:\/\/www.o-s-s.org\/es\/exposicion-en-la-laboral-gijon\/","og_site_name":"Office for Strategic Spaces","article_publisher":"https:\/\/www.facebook.com\/StrategicSpaces\/","article_published_time":"2013-09-27T13:06:14+00:00","article_modified_time":"2017-09-12T16:37:13+00:00","author":"OSS","twitter_card":"summary_large_image","twitter_misc":{"Escrito por":"OSS"},"schema":{"@context":"https:\/\/schema.org","@graph":[{"@type":"Article","@id":"https:\/\/www.o-s-s.org\/es\/exposicion-en-la-laboral-gijon\/#article","isPartOf":{"@id":"https:\/\/www.o-s-s.org\/es\/exposicion-en-la-laboral-gijon\/"},"author":{"name":"OSS","@id":"https:\/\/www.o-s-s.org\/#\/schema\/person\/2a785beaa4d05af5b373cd96132c3ce3"},"headline":"Exposici\u00f3n en la LABoral Gij\u00f3n","datePublished":"2013-09-27T13:06:14+00:00","dateModified":"2017-09-12T16:37:13+00:00","mainEntityOfPage":{"@id":"https:\/\/www.o-s-s.org\/es\/exposicion-en-la-laboral-gijon\/"},"wordCount":89,"publisher":{"@id":"https:\/\/www.o-s-s.org\/#organization"},"keywords":["Administrative Landscape","Angel Borrego","Angel Borrego Cubero","Aprendiendo de las Cuencas","Ensanche","Housing","LABoral Gij\u00f3n","Learning from the Cuencas","Norm Follows Form","Office for Strategic Spaces","OSS","Paisaje Administrativo","Pump Up Housing","Viviendas"],"articleSection":["Noticias"],"inLanguage":"es"},{"@type":"WebPage","@id":"https:\/\/www.o-s-s.org\/es\/exposicion-en-la-laboral-gijon\/","url":"https:\/\/www.o-s-s.org\/es\/exposicion-en-la-laboral-gijon\/","name":"Exposici\u00f3n en la LABoral Gij\u00f3n - Office for Strategic Spaces","isPartOf":{"@id":"https:\/\/www.o-s-s.org\/#website"},"datePublished":"2013-09-27T13:06:14+00:00","dateModified":"2017-09-12T16:37:13+00:00","breadcrumb":{"@id":"https:\/\/www.o-s-s.org\/es\/exposicion-en-la-laboral-gijon\/#breadcrumb"},"inLanguage":"es","potentialAction":[{"@type":"ReadAction","target":["https:\/\/www.o-s-s.org\/es\/exposicion-en-la-laboral-gijon\/"]}]},{"@type":"BreadcrumbList","@id":"https:\/\/www.o-s-s.org\/es\/exposicion-en-la-laboral-gijon\/#breadcrumb","itemListElement":[{"@type":"ListItem","position":1,"name":"Portada","item":"https:\/\/www.o-s-s.org\/es\/"},{"@type":"ListItem","position":2,"name":"Exposici\u00f3n en la LABoral Gij\u00f3n"}]},{"@type":"WebSite","@id":"https:\/\/www.o-s-s.org\/#website","url":"https:\/\/www.o-s-s.org\/","name":"OSS Office for Strategic Spaces","description":"Office for Strategic Spaces  I Arquitectura, Dise\u00f1o  &amp; Investigaci\u00f3n Urbana","publisher":{"@id":"https:\/\/www.o-s-s.org\/#organization"},"potentialAction":[{"@type":"SearchAction","target":{"@type":"EntryPoint","urlTemplate":"https:\/\/www.o-s-s.org\/?s={search_term_string}"},"query-input":{"@type":"PropertyValueSpecification","valueRequired":true,"valueName":"search_term_string"}}],"inLanguage":"es"},{"@type":"Organization","@id":"https:\/\/www.o-s-s.org\/#organization","name":"OSS Office for Strategic Spaces","url":"https:\/\/www.o-s-s.org\/","logo":{"@type":"ImageObject","inLanguage":"es","@id":"https:\/\/www.o-s-s.org\/#\/schema\/logo\/image\/","url":"https:\/\/www.o-s-s.org\/wp-content\/uploads\/2017\/09\/logo-negro.png","contentUrl":"https:\/\/www.o-s-s.org\/wp-content\/uploads\/2017\/09\/logo-negro.png","width":764,"height":48,"caption":"OSS Office for Strategic Spaces"},"image":{"@id":"https:\/\/www.o-s-s.org\/#\/schema\/logo\/image\/"},"sameAs":["https:\/\/www.facebook.com\/StrategicSpaces\/","https:\/\/www.instagram.com\/officeforstrategicspaces\/","https:\/\/www.youtube.com\/user\/strategicspaces\/"]},{"@type":"Person","@id":"https:\/\/www.o-s-s.org\/#\/schema\/person\/2a785beaa4d05af5b373cd96132c3ce3","name":"OSS","image":{"@type":"ImageObject","inLanguage":"es","@id":"https:\/\/secure.gravatar.com\/avatar\/6cd13c1e3f298d06fdc2886bb60113957663534d195d8b90ef9408d0d520ff23?s=96&d=mm&r=g","url":"https:\/\/secure.gravatar.com\/avatar\/6cd13c1e3f298d06fdc2886bb60113957663534d195d8b90ef9408d0d520ff23?s=96&d=mm&r=g","contentUrl":"https:\/\/secure.gravatar.com\/avatar\/6cd13c1e3f298d06fdc2886bb60113957663534d195d8b90ef9408d0d520ff23?s=96&d=mm&r=g","caption":"OSS"},"url":"https:\/\/www.o-s-s.org\/es\/author\/simonarota\/"}]}},"_links":{"self":[{"href":"https:\/\/www.o-s-s.org\/es\/wp-json\/wp\/v2\/posts\/1042","targetHints":{"allow":["GET"]}}],"collection":[{"href":"https:\/\/www.o-s-s.org\/es\/wp-json\/wp\/v2\/posts"}],"about":[{"href":"https:\/\/www.o-s-s.org\/es\/wp-json\/wp\/v2\/types\/post"}],"author":[{"embeddable":true,"href":"https:\/\/www.o-s-s.org\/es\/wp-json\/wp\/v2\/users\/2"}],"replies":[{"embeddable":true,"href":"https:\/\/www.o-s-s.org\/es\/wp-json\/wp\/v2\/comments?post=1042"}],"version-history":[{"count":0,"href":"https:\/\/www.o-s-s.org\/es\/wp-json\/wp\/v2\/posts\/1042\/revisions"}],"wp:attachment":[{"href":"https:\/\/www.o-s-s.org\/es\/wp-json\/wp\/v2\/media?parent=1042"}],"wp:term":[{"taxonomy":"category","embeddable":true,"href":"https:\/\/www.o-s-s.org\/es\/wp-json\/wp\/v2\/categories?post=1042"},{"taxonomy":"post_tag","embeddable":true,"href":"https:\/\/www.o-s-s.org\/es\/wp-json\/wp\/v2\/tags?post=1042"}],"curies":[{"name":"wp","href":"https:\/\/api.w.org\/{rel}","templated":true}]}}