{"id":1062,"date":"2013-12-28T08:16:05","date_gmt":"2013-12-28T08:16:05","guid":{"rendered":"http:\/\/www.o-s-s.org\/?p=1062"},"modified":"2024-07-02T12:46:44","modified_gmt":"2024-07-02T11:46:44","slug":"exposicion-en-artport-tel-aviv","status":"publish","type":"post","link":"https:\/\/www.o-s-s.org\/es\/exposicion-en-artport-tel-aviv\/","title":{"rendered":"Exposici\u00f3n en Artport Tel Aviv"},"content":{"rendered":"<p><!--:es-->Angel Borrego Cubero ha desarrollado una residencia de arte en en Artport Tel Aviv, cuyos resultados se muestran en la <a href=\"http:\/\/artportlv.org\/blog\/\u05ea\u05e0\u05d0\u05d9-\u05d7\u05d9\u05d9\u05dd-living-form\" target=\"_blank\" rel=\"noopener\">exposici\u00f3n \u00abLiving as Form\u00bb<\/a>, abierta del 26 de diciembre 2013 al 1 de Marzo 2014. \u00abLiving as Form\u00bb (The Nomadic Version) es la version en expansi\u00f3n y m\u00f3vil de <a href=\"http:\/\/mitpress.mit.edu\/books\/living-form\" target=\"_blank\" rel=\"noopener\">la exposici\u00f3n original de Creative Time en 2011<\/a>. En Tel Aviv, \u00abLiving as Form\u00bb se centra sobre el area de Bat Yam, comisariada por Vardit Gross, Sigal Barnir y Yael Moria. . En su origen organizada por el Curator Jefe de Creative Time Nato Thompson, \u00abLiving as Form\u00bb ofrece una mirada amplia, internacional sobre las practicas comprometidas socialmente.<\/p>\n<p><!--:--><\/p>\n","protected":false},"excerpt":{"rendered":"<p>Angel Borrego Cubero ha desarrollado una residencia de arte en en Artport Tel Aviv, cuyos resultados se muestran en la exposici\u00f3n \u00abLiving as Form\u00bb, abierta del 26 de diciembre 2013 al 1 de Marzo 2014. \u00abLiving as Form\u00bb (The Nomadic Version) es la version en expansi\u00f3n y m\u00f3vil de la exposici\u00f3n original de Creative Time [&hellip;]<\/p>\n","protected":false},"author":2,"featured_media":0,"comment_status":"closed","ping_status":"open","sticky":false,"template":"","format":"standard","meta":{"_acf_changed":false,"footnotes":""},"categories":[11],"tags":[9,10,74,75,76,12,31,26,77,78,23,79],"class_list":["post-1062","post","type-post","status-publish","format-standard","hentry","category-noticias","tag-angel-borrego","tag-angel-borrego-cubero","tag-artport-tel-aviv","tag-bat-yam","tag-living-as-form","tag-office-for-strategic-spaces","tag-oss","tag-pump-up-housing","tag-sigal-barnir","tag-vardit-gross","tag-viviendas","tag-yael-moria"],"acf":[],"yoast_head":"<!-- This site is optimized with the Yoast SEO plugin v27.4 - https:\/\/yoast.com\/product\/yoast-seo-wordpress\/ -->\n<title>Exposici\u00f3n en Artport Tel Aviv - Office for Strategic Spaces<\/title>\n<meta name=\"robots\" content=\"index, follow, max-snippet:-1, max-image-preview:large, max-video-preview:-1\" \/>\n<link rel=\"canonical\" href=\"https:\/\/www.o-s-s.org\/es\/exposicion-en-artport-tel-aviv\/\" \/>\n<meta property=\"og:locale\" content=\"es_ES\" \/>\n<meta property=\"og:type\" content=\"article\" \/>\n<meta property=\"og:title\" content=\"Exposici\u00f3n en Artport Tel Aviv - Office for Strategic Spaces\" \/>\n<meta property=\"og:description\" content=\"Angel Borrego Cubero ha desarrollado una residencia de arte en en Artport Tel Aviv, cuyos resultados se muestran en la exposici\u00f3n \u00abLiving as Form\u00bb, abierta del 26 de diciembre 2013 al 1 de Marzo 2014. \u00abLiving as Form\u00bb (The Nomadic Version) es la version en expansi\u00f3n y m\u00f3vil de la exposici\u00f3n original de Creative Time [&hellip;]\" \/>\n<meta property=\"og:url\" content=\"https:\/\/www.o-s-s.org\/es\/exposicion-en-artport-tel-aviv\/\" \/>\n<meta property=\"og:site_name\" content=\"Office for Strategic Spaces\" \/>\n<meta property=\"article:publisher\" content=\"https:\/\/www.facebook.com\/StrategicSpaces\/\" \/>\n<meta property=\"article:published_time\" content=\"2013-12-28T08:16:05+00:00\" \/>\n<meta property=\"article:modified_time\" content=\"2024-07-02T11:46:44+00:00\" \/>\n<meta name=\"author\" content=\"OSS\" \/>\n<meta name=\"twitter:card\" content=\"summary_large_image\" \/>\n<meta name=\"twitter:label1\" content=\"Escrito por\" \/>\n\t<meta name=\"twitter:data1\" content=\"OSS\" \/>\n\t<meta name=\"twitter:label2\" content=\"Tiempo de lectura\" \/>\n\t<meta name=\"twitter:data2\" content=\"1 minuto\" \/>\n<script type=\"application\/ld+json\" class=\"yoast-schema-graph\">{\"@context\":\"https:\\\/\\\/schema.org\",\"@graph\":[{\"@type\":\"Article\",\"@id\":\"https:\\\/\\\/www.o-s-s.org\\\/es\\\/exposicion-en-artport-tel-aviv\\\/#article\",\"isPartOf\":{\"@id\":\"https:\\\/\\\/www.o-s-s.org\\\/es\\\/exposicion-en-artport-tel-aviv\\\/\"},\"author\":{\"name\":\"OSS\",\"@id\":\"https:\\\/\\\/www.o-s-s.org\\\/#\\\/schema\\\/person\\\/2a785beaa4d05af5b373cd96132c3ce3\"},\"headline\":\"Exposici\u00f3n en Artport Tel Aviv\",\"datePublished\":\"2013-12-28T08:16:05+00:00\",\"dateModified\":\"2024-07-02T11:46:44+00:00\",\"mainEntityOfPage\":{\"@id\":\"https:\\\/\\\/www.o-s-s.org\\\/es\\\/exposicion-en-artport-tel-aviv\\\/\"},\"wordCount\":111,\"publisher\":{\"@id\":\"https:\\\/\\\/www.o-s-s.org\\\/#organization\"},\"keywords\":[\"Angel Borrego\",\"Angel Borrego Cubero\",\"Artport Tel Aviv\",\"Bat Yam\",\"Living as Form\",\"Office for Strategic Spaces\",\"OSS\",\"Pump Up Housing\",\"Sigal Barnir\",\"Vardit Gross\",\"Viviendas\",\"Yael Moria.\"],\"articleSection\":[\"Noticias\"],\"inLanguage\":\"es\"},{\"@type\":\"WebPage\",\"@id\":\"https:\\\/\\\/www.o-s-s.org\\\/es\\\/exposicion-en-artport-tel-aviv\\\/\",\"url\":\"https:\\\/\\\/www.o-s-s.org\\\/es\\\/exposicion-en-artport-tel-aviv\\\/\",\"name\":\"Exposici\u00f3n en Artport Tel Aviv - Office for Strategic Spaces\",\"isPartOf\":{\"@id\":\"https:\\\/\\\/www.o-s-s.org\\\/#website\"},\"datePublished\":\"2013-12-28T08:16:05+00:00\",\"dateModified\":\"2024-07-02T11:46:44+00:00\",\"breadcrumb\":{\"@id\":\"https:\\\/\\\/www.o-s-s.org\\\/es\\\/exposicion-en-artport-tel-aviv\\\/#breadcrumb\"},\"inLanguage\":\"es\",\"potentialAction\":[{\"@type\":\"ReadAction\",\"target\":[\"https:\\\/\\\/www.o-s-s.org\\\/es\\\/exposicion-en-artport-tel-aviv\\\/\"]}]},{\"@type\":\"BreadcrumbList\",\"@id\":\"https:\\\/\\\/www.o-s-s.org\\\/es\\\/exposicion-en-artport-tel-aviv\\\/#breadcrumb\",\"itemListElement\":[{\"@type\":\"ListItem\",\"position\":1,\"name\":\"Portada\",\"item\":\"https:\\\/\\\/www.o-s-s.org\\\/es\\\/\"},{\"@type\":\"ListItem\",\"position\":2,\"name\":\"Exposici\u00f3n en Artport Tel Aviv\"}]},{\"@type\":\"WebSite\",\"@id\":\"https:\\\/\\\/www.o-s-s.org\\\/#website\",\"url\":\"https:\\\/\\\/www.o-s-s.org\\\/\",\"name\":\"OSS Office for Strategic Spaces\",\"description\":\"Office for Strategic Spaces  I Arquitectura, Dise\u00f1o  &amp; Investigaci\u00f3n Urbana\",\"publisher\":{\"@id\":\"https:\\\/\\\/www.o-s-s.org\\\/#organization\"},\"potentialAction\":[{\"@type\":\"SearchAction\",\"target\":{\"@type\":\"EntryPoint\",\"urlTemplate\":\"https:\\\/\\\/www.o-s-s.org\\\/?s={search_term_string}\"},\"query-input\":{\"@type\":\"PropertyValueSpecification\",\"valueRequired\":true,\"valueName\":\"search_term_string\"}}],\"inLanguage\":\"es\"},{\"@type\":\"Organization\",\"@id\":\"https:\\\/\\\/www.o-s-s.org\\\/#organization\",\"name\":\"OSS Office for Strategic Spaces\",\"url\":\"https:\\\/\\\/www.o-s-s.org\\\/\",\"logo\":{\"@type\":\"ImageObject\",\"inLanguage\":\"es\",\"@id\":\"https:\\\/\\\/www.o-s-s.org\\\/#\\\/schema\\\/logo\\\/image\\\/\",\"url\":\"https:\\\/\\\/www.o-s-s.org\\\/wp-content\\\/uploads\\\/2017\\\/09\\\/logo-negro.png\",\"contentUrl\":\"https:\\\/\\\/www.o-s-s.org\\\/wp-content\\\/uploads\\\/2017\\\/09\\\/logo-negro.png\",\"width\":764,\"height\":48,\"caption\":\"OSS Office for Strategic Spaces\"},\"image\":{\"@id\":\"https:\\\/\\\/www.o-s-s.org\\\/#\\\/schema\\\/logo\\\/image\\\/\"},\"sameAs\":[\"https:\\\/\\\/www.facebook.com\\\/StrategicSpaces\\\/\",\"https:\\\/\\\/www.instagram.com\\\/officeforstrategicspaces\\\/\",\"https:\\\/\\\/www.youtube.com\\\/user\\\/strategicspaces\\\/\"]},{\"@type\":\"Person\",\"@id\":\"https:\\\/\\\/www.o-s-s.org\\\/#\\\/schema\\\/person\\\/2a785beaa4d05af5b373cd96132c3ce3\",\"name\":\"OSS\",\"image\":{\"@type\":\"ImageObject\",\"inLanguage\":\"es\",\"@id\":\"https:\\\/\\\/secure.gravatar.com\\\/avatar\\\/6cd13c1e3f298d06fdc2886bb60113957663534d195d8b90ef9408d0d520ff23?s=96&d=mm&r=g\",\"url\":\"https:\\\/\\\/secure.gravatar.com\\\/avatar\\\/6cd13c1e3f298d06fdc2886bb60113957663534d195d8b90ef9408d0d520ff23?s=96&d=mm&r=g\",\"contentUrl\":\"https:\\\/\\\/secure.gravatar.com\\\/avatar\\\/6cd13c1e3f298d06fdc2886bb60113957663534d195d8b90ef9408d0d520ff23?s=96&d=mm&r=g\",\"caption\":\"OSS\"},\"url\":\"https:\\\/\\\/www.o-s-s.org\\\/es\\\/author\\\/simonarota\\\/\"}]}<\/script>\n<!-- \/ Yoast SEO plugin. -->","yoast_head_json":{"title":"Exposici\u00f3n en Artport Tel Aviv - Office for Strategic Spaces","robots":{"index":"index","follow":"follow","max-snippet":"max-snippet:-1","max-image-preview":"max-image-preview:large","max-video-preview":"max-video-preview:-1"},"canonical":"https:\/\/www.o-s-s.org\/es\/exposicion-en-artport-tel-aviv\/","og_locale":"es_ES","og_type":"article","og_title":"Exposici\u00f3n en Artport Tel Aviv - Office for Strategic Spaces","og_description":"Angel Borrego Cubero ha desarrollado una residencia de arte en en Artport Tel Aviv, cuyos resultados se muestran en la exposici\u00f3n \u00abLiving as Form\u00bb, abierta del 26 de diciembre 2013 al 1 de Marzo 2014. \u00abLiving as Form\u00bb (The Nomadic Version) es la version en expansi\u00f3n y m\u00f3vil de la exposici\u00f3n original de Creative Time [&hellip;]","og_url":"https:\/\/www.o-s-s.org\/es\/exposicion-en-artport-tel-aviv\/","og_site_name":"Office for Strategic Spaces","article_publisher":"https:\/\/www.facebook.com\/StrategicSpaces\/","article_published_time":"2013-12-28T08:16:05+00:00","article_modified_time":"2024-07-02T11:46:44+00:00","author":"OSS","twitter_card":"summary_large_image","twitter_misc":{"Escrito por":"OSS","Tiempo de lectura":"1 minuto"},"schema":{"@context":"https:\/\/schema.org","@graph":[{"@type":"Article","@id":"https:\/\/www.o-s-s.org\/es\/exposicion-en-artport-tel-aviv\/#article","isPartOf":{"@id":"https:\/\/www.o-s-s.org\/es\/exposicion-en-artport-tel-aviv\/"},"author":{"name":"OSS","@id":"https:\/\/www.o-s-s.org\/#\/schema\/person\/2a785beaa4d05af5b373cd96132c3ce3"},"headline":"Exposici\u00f3n en Artport Tel Aviv","datePublished":"2013-12-28T08:16:05+00:00","dateModified":"2024-07-02T11:46:44+00:00","mainEntityOfPage":{"@id":"https:\/\/www.o-s-s.org\/es\/exposicion-en-artport-tel-aviv\/"},"wordCount":111,"publisher":{"@id":"https:\/\/www.o-s-s.org\/#organization"},"keywords":["Angel Borrego","Angel Borrego Cubero","Artport Tel Aviv","Bat Yam","Living as Form","Office for Strategic Spaces","OSS","Pump Up Housing","Sigal Barnir","Vardit Gross","Viviendas","Yael Moria."],"articleSection":["Noticias"],"inLanguage":"es"},{"@type":"WebPage","@id":"https:\/\/www.o-s-s.org\/es\/exposicion-en-artport-tel-aviv\/","url":"https:\/\/www.o-s-s.org\/es\/exposicion-en-artport-tel-aviv\/","name":"Exposici\u00f3n en Artport Tel Aviv - Office for Strategic Spaces","isPartOf":{"@id":"https:\/\/www.o-s-s.org\/#website"},"datePublished":"2013-12-28T08:16:05+00:00","dateModified":"2024-07-02T11:46:44+00:00","breadcrumb":{"@id":"https:\/\/www.o-s-s.org\/es\/exposicion-en-artport-tel-aviv\/#breadcrumb"},"inLanguage":"es","potentialAction":[{"@type":"ReadAction","target":["https:\/\/www.o-s-s.org\/es\/exposicion-en-artport-tel-aviv\/"]}]},{"@type":"BreadcrumbList","@id":"https:\/\/www.o-s-s.org\/es\/exposicion-en-artport-tel-aviv\/#breadcrumb","itemListElement":[{"@type":"ListItem","position":1,"name":"Portada","item":"https:\/\/www.o-s-s.org\/es\/"},{"@type":"ListItem","position":2,"name":"Exposici\u00f3n en Artport Tel Aviv"}]},{"@type":"WebSite","@id":"https:\/\/www.o-s-s.org\/#website","url":"https:\/\/www.o-s-s.org\/","name":"OSS Office for Strategic Spaces","description":"Office for Strategic Spaces  I Arquitectura, Dise\u00f1o  &amp; Investigaci\u00f3n Urbana","publisher":{"@id":"https:\/\/www.o-s-s.org\/#organization"},"potentialAction":[{"@type":"SearchAction","target":{"@type":"EntryPoint","urlTemplate":"https:\/\/www.o-s-s.org\/?s={search_term_string}"},"query-input":{"@type":"PropertyValueSpecification","valueRequired":true,"valueName":"search_term_string"}}],"inLanguage":"es"},{"@type":"Organization","@id":"https:\/\/www.o-s-s.org\/#organization","name":"OSS Office for Strategic Spaces","url":"https:\/\/www.o-s-s.org\/","logo":{"@type":"ImageObject","inLanguage":"es","@id":"https:\/\/www.o-s-s.org\/#\/schema\/logo\/image\/","url":"https:\/\/www.o-s-s.org\/wp-content\/uploads\/2017\/09\/logo-negro.png","contentUrl":"https:\/\/www.o-s-s.org\/wp-content\/uploads\/2017\/09\/logo-negro.png","width":764,"height":48,"caption":"OSS Office for Strategic Spaces"},"image":{"@id":"https:\/\/www.o-s-s.org\/#\/schema\/logo\/image\/"},"sameAs":["https:\/\/www.facebook.com\/StrategicSpaces\/","https:\/\/www.instagram.com\/officeforstrategicspaces\/","https:\/\/www.youtube.com\/user\/strategicspaces\/"]},{"@type":"Person","@id":"https:\/\/www.o-s-s.org\/#\/schema\/person\/2a785beaa4d05af5b373cd96132c3ce3","name":"OSS","image":{"@type":"ImageObject","inLanguage":"es","@id":"https:\/\/secure.gravatar.com\/avatar\/6cd13c1e3f298d06fdc2886bb60113957663534d195d8b90ef9408d0d520ff23?s=96&d=mm&r=g","url":"https:\/\/secure.gravatar.com\/avatar\/6cd13c1e3f298d06fdc2886bb60113957663534d195d8b90ef9408d0d520ff23?s=96&d=mm&r=g","contentUrl":"https:\/\/secure.gravatar.com\/avatar\/6cd13c1e3f298d06fdc2886bb60113957663534d195d8b90ef9408d0d520ff23?s=96&d=mm&r=g","caption":"OSS"},"url":"https:\/\/www.o-s-s.org\/es\/author\/simonarota\/"}]}},"_links":{"self":[{"href":"https:\/\/www.o-s-s.org\/es\/wp-json\/wp\/v2\/posts\/1062","targetHints":{"allow":["GET"]}}],"collection":[{"href":"https:\/\/www.o-s-s.org\/es\/wp-json\/wp\/v2\/posts"}],"about":[{"href":"https:\/\/www.o-s-s.org\/es\/wp-json\/wp\/v2\/types\/post"}],"author":[{"embeddable":true,"href":"https:\/\/www.o-s-s.org\/es\/wp-json\/wp\/v2\/users\/2"}],"replies":[{"embeddable":true,"href":"https:\/\/www.o-s-s.org\/es\/wp-json\/wp\/v2\/comments?post=1062"}],"version-history":[{"count":1,"href":"https:\/\/www.o-s-s.org\/es\/wp-json\/wp\/v2\/posts\/1062\/revisions"}],"predecessor-version":[{"id":4233,"href":"https:\/\/www.o-s-s.org\/es\/wp-json\/wp\/v2\/posts\/1062\/revisions\/4233"}],"wp:attachment":[{"href":"https:\/\/www.o-s-s.org\/es\/wp-json\/wp\/v2\/media?parent=1062"}],"wp:term":[{"taxonomy":"category","embeddable":true,"href":"https:\/\/www.o-s-s.org\/es\/wp-json\/wp\/v2\/categories?post=1062"},{"taxonomy":"post_tag","embeddable":true,"href":"https:\/\/www.o-s-s.org\/es\/wp-json\/wp\/v2\/tags?post=1062"}],"curies":[{"name":"wp","href":"https:\/\/api.w.org\/{rel}","templated":true}]}}