{"id":1505,"date":"2016-04-19T11:17:32","date_gmt":"2016-04-19T11:17:32","guid":{"rendered":"http:\/\/www.o-s-s.org\/?p=1505"},"modified":"2024-07-02T12:42:40","modified_gmt":"2024-07-02T11:42:40","slug":"en-la-15-biennale-di-venezia","status":"publish","type":"post","link":"https:\/\/www.o-s-s.org\/es\/en-la-15-biennale-di-venezia\/","title":{"rendered":"Seleccionados para la 15.Biennale di Venezia"},"content":{"rendered":"<p>Factor\u00eda Cultural en el Matadero Madrid, realizada por \u00c1ngel Borrego Cubero \/Office for Strategic Spaces, ha sido seleccionada para formar parte del <a href=\"http:\/\/www.bienalesdearquitectura.es\/images\/Venecia\/OBRASSELECCIONADAS_SERIESFOTOGRAFICAS.pdf\">Pabell\u00f3n Espa\u00f1ol de la 15 Biennale di Venezia <\/a>&#8211; Arquitectura (28 mayo &#8211; 27 noviembre 2016). El pabell\u00f3n, comisariado en esta edici\u00f3n por Inaqui Carnicero y Carlos Quintans, se titula \u00abUnfinished\u00bb y va a incluir 55 obras seleccionadas, 7 series fotogr\u00e1ficas y 12 propuestas ganadoras del concurso de ideas lanzado en esta ocasi\u00f3n.<\/p>\n","protected":false},"excerpt":{"rendered":"<p>Factor\u00eda Cultural en el Matadero Madrid, realizada por \u00c1ngel Borrego Cubero \/Office for Strategic Spaces, ha sido seleccionada para formar parte del Pabell\u00f3n Espa\u00f1ol de la 15 Biennale di Venezia &#8211; Arquitectura (28 mayo &#8211; 27 noviembre 2016). El pabell\u00f3n, comisariado en esta edici\u00f3n por Inaqui Carnicero y Carlos Quintans, se titula \u00abUnfinished\u00bb y va [&hellip;]<\/p>\n","protected":false},"author":2,"featured_media":2494,"comment_status":"closed","ping_status":"open","sticky":false,"template":"","format":"standard","meta":{"_acf_changed":false,"footnotes":""},"categories":[11],"tags":[175,9,10,157,176,124,138,12,31,177,22,178,167,168],"class_list":["post-1505","post","type-post","status-publish","format-standard","has-post-thumbnail","hentry","category-noticias","tag-15-biennale-di-venezia","tag-angel-borrego","tag-angel-borrego-cubero","tag-arquitectura-reversible","tag-biennale-di-venezia","tag-cultural-factory","tag-factoria-cultural-madrid","tag-office-for-strategic-spaces","tag-oss","tag-pabellon-espanol","tag-rehabilitation","tag-unfinished","tag-xiii-beau","tag-xiii-bienal-espanola-de-arquitectura-espanola"],"acf":[],"yoast_head":"<!-- This site is optimized with the Yoast SEO plugin v27.5 - https:\/\/yoast.com\/product\/yoast-seo-wordpress\/ -->\n<title>Seleccionados para la 15.Biennale di Venezia - Office for Strategic Spaces<\/title>\n<meta name=\"robots\" content=\"index, follow, max-snippet:-1, max-image-preview:large, max-video-preview:-1\" \/>\n<link rel=\"canonical\" href=\"https:\/\/www.o-s-s.org\/es\/en-la-15-biennale-di-venezia\/\" \/>\n<meta property=\"og:locale\" content=\"es_ES\" \/>\n<meta property=\"og:type\" content=\"article\" \/>\n<meta property=\"og:title\" content=\"Seleccionados para la 15.Biennale di Venezia - Office for Strategic Spaces\" \/>\n<meta property=\"og:description\" content=\"Factor\u00eda Cultural en el Matadero Madrid, realizada por \u00c1ngel Borrego Cubero \/Office for Strategic Spaces, ha sido seleccionada para formar parte del Pabell\u00f3n Espa\u00f1ol de la 15 Biennale di Venezia &#8211; Arquitectura (28 mayo &#8211; 27 noviembre 2016). El pabell\u00f3n, comisariado en esta edici\u00f3n por Inaqui Carnicero y Carlos Quintans, se titula \u00abUnfinished\u00bb y va [&hellip;]\" \/>\n<meta property=\"og:url\" content=\"https:\/\/www.o-s-s.org\/es\/en-la-15-biennale-di-venezia\/\" \/>\n<meta property=\"og:site_name\" content=\"Office for Strategic Spaces\" \/>\n<meta property=\"article:publisher\" content=\"https:\/\/www.facebook.com\/StrategicSpaces\/\" \/>\n<meta property=\"article:published_time\" content=\"2016-04-19T11:17:32+00:00\" \/>\n<meta property=\"article:modified_time\" content=\"2024-07-02T11:42:40+00:00\" \/>\n<meta property=\"og:image\" content=\"https:\/\/www.o-s-s.org\/wp-content\/uploads\/2016\/04\/Press-image-01-B-01.jpg\" \/>\n\t<meta property=\"og:image:width\" content=\"1752\" \/>\n\t<meta property=\"og:image:height\" content=\"1168\" \/>\n\t<meta property=\"og:image:type\" content=\"image\/jpeg\" \/>\n<meta name=\"author\" content=\"OSS\" \/>\n<meta name=\"twitter:card\" content=\"summary_large_image\" \/>\n<meta name=\"twitter:label1\" content=\"Escrito por\" \/>\n\t<meta name=\"twitter:data1\" content=\"OSS\" \/>\n<script type=\"application\/ld+json\" class=\"yoast-schema-graph\">{\"@context\":\"https:\\\/\\\/schema.org\",\"@graph\":[{\"@type\":\"Article\",\"@id\":\"https:\\\/\\\/www.o-s-s.org\\\/es\\\/en-la-15-biennale-di-venezia\\\/#article\",\"isPartOf\":{\"@id\":\"https:\\\/\\\/www.o-s-s.org\\\/es\\\/en-la-15-biennale-di-venezia\\\/\"},\"author\":{\"name\":\"OSS\",\"@id\":\"https:\\\/\\\/www.o-s-s.org\\\/#\\\/schema\\\/person\\\/2a785beaa4d05af5b373cd96132c3ce3\"},\"headline\":\"Seleccionados para la 15.Biennale di Venezia\",\"datePublished\":\"2016-04-19T11:17:32+00:00\",\"dateModified\":\"2024-07-02T11:42:40+00:00\",\"mainEntityOfPage\":{\"@id\":\"https:\\\/\\\/www.o-s-s.org\\\/es\\\/en-la-15-biennale-di-venezia\\\/\"},\"wordCount\":81,\"publisher\":{\"@id\":\"https:\\\/\\\/www.o-s-s.org\\\/#organization\"},\"image\":{\"@id\":\"https:\\\/\\\/www.o-s-s.org\\\/es\\\/en-la-15-biennale-di-venezia\\\/#primaryimage\"},\"thumbnailUrl\":\"https:\\\/\\\/www.o-s-s.org\\\/wp-content\\\/uploads\\\/2016\\\/04\\\/Press-image-01-B-01.jpg\",\"keywords\":[\"15 Biennale di Venezia\",\"Angel Borrego\",\"Angel Borrego Cubero\",\"Arquitectura reversible\",\"Biennale di Venezia\",\"Cultural Factory\",\"Factor\u00eda Cultural Madrid\",\"Office for Strategic Spaces\",\"OSS\",\"Pabell\u00f3n Espa\u00f1ol\",\"Rehabilitation\",\"Unfinished\",\"XIII BEAU\",\"XIII Bienal Espa\u00f1ola de Arquitectura Espa\u00f1ola\"],\"articleSection\":[\"Noticias\"],\"inLanguage\":\"es\"},{\"@type\":\"WebPage\",\"@id\":\"https:\\\/\\\/www.o-s-s.org\\\/es\\\/en-la-15-biennale-di-venezia\\\/\",\"url\":\"https:\\\/\\\/www.o-s-s.org\\\/es\\\/en-la-15-biennale-di-venezia\\\/\",\"name\":\"Seleccionados para la 15.Biennale di Venezia - Office for Strategic Spaces\",\"isPartOf\":{\"@id\":\"https:\\\/\\\/www.o-s-s.org\\\/#website\"},\"primaryImageOfPage\":{\"@id\":\"https:\\\/\\\/www.o-s-s.org\\\/es\\\/en-la-15-biennale-di-venezia\\\/#primaryimage\"},\"image\":{\"@id\":\"https:\\\/\\\/www.o-s-s.org\\\/es\\\/en-la-15-biennale-di-venezia\\\/#primaryimage\"},\"thumbnailUrl\":\"https:\\\/\\\/www.o-s-s.org\\\/wp-content\\\/uploads\\\/2016\\\/04\\\/Press-image-01-B-01.jpg\",\"datePublished\":\"2016-04-19T11:17:32+00:00\",\"dateModified\":\"2024-07-02T11:42:40+00:00\",\"breadcrumb\":{\"@id\":\"https:\\\/\\\/www.o-s-s.org\\\/es\\\/en-la-15-biennale-di-venezia\\\/#breadcrumb\"},\"inLanguage\":\"es\",\"potentialAction\":[{\"@type\":\"ReadAction\",\"target\":[\"https:\\\/\\\/www.o-s-s.org\\\/es\\\/en-la-15-biennale-di-venezia\\\/\"]}]},{\"@type\":\"ImageObject\",\"inLanguage\":\"es\",\"@id\":\"https:\\\/\\\/www.o-s-s.org\\\/es\\\/en-la-15-biennale-di-venezia\\\/#primaryimage\",\"url\":\"https:\\\/\\\/www.o-s-s.org\\\/wp-content\\\/uploads\\\/2016\\\/04\\\/Press-image-01-B-01.jpg\",\"contentUrl\":\"https:\\\/\\\/www.o-s-s.org\\\/wp-content\\\/uploads\\\/2016\\\/04\\\/Press-image-01-B-01.jpg\",\"width\":1752,\"height\":1168},{\"@type\":\"BreadcrumbList\",\"@id\":\"https:\\\/\\\/www.o-s-s.org\\\/es\\\/en-la-15-biennale-di-venezia\\\/#breadcrumb\",\"itemListElement\":[{\"@type\":\"ListItem\",\"position\":1,\"name\":\"Portada\",\"item\":\"https:\\\/\\\/www.o-s-s.org\\\/es\\\/\"},{\"@type\":\"ListItem\",\"position\":2,\"name\":\"Seleccionados para la 15.Biennale di Venezia\"}]},{\"@type\":\"WebSite\",\"@id\":\"https:\\\/\\\/www.o-s-s.org\\\/#website\",\"url\":\"https:\\\/\\\/www.o-s-s.org\\\/\",\"name\":\"OSS Office for Strategic Spaces\",\"description\":\"Office for Strategic Spaces  I Arquitectura, Dise\u00f1o  &amp; Investigaci\u00f3n Urbana\",\"publisher\":{\"@id\":\"https:\\\/\\\/www.o-s-s.org\\\/#organization\"},\"potentialAction\":[{\"@type\":\"SearchAction\",\"target\":{\"@type\":\"EntryPoint\",\"urlTemplate\":\"https:\\\/\\\/www.o-s-s.org\\\/?s={search_term_string}\"},\"query-input\":{\"@type\":\"PropertyValueSpecification\",\"valueRequired\":true,\"valueName\":\"search_term_string\"}}],\"inLanguage\":\"es\"},{\"@type\":\"Organization\",\"@id\":\"https:\\\/\\\/www.o-s-s.org\\\/#organization\",\"name\":\"OSS Office for Strategic Spaces\",\"url\":\"https:\\\/\\\/www.o-s-s.org\\\/\",\"logo\":{\"@type\":\"ImageObject\",\"inLanguage\":\"es\",\"@id\":\"https:\\\/\\\/www.o-s-s.org\\\/#\\\/schema\\\/logo\\\/image\\\/\",\"url\":\"https:\\\/\\\/www.o-s-s.org\\\/wp-content\\\/uploads\\\/2017\\\/09\\\/logo-negro.png\",\"contentUrl\":\"https:\\\/\\\/www.o-s-s.org\\\/wp-content\\\/uploads\\\/2017\\\/09\\\/logo-negro.png\",\"width\":764,\"height\":48,\"caption\":\"OSS Office for Strategic Spaces\"},\"image\":{\"@id\":\"https:\\\/\\\/www.o-s-s.org\\\/#\\\/schema\\\/logo\\\/image\\\/\"},\"sameAs\":[\"https:\\\/\\\/www.facebook.com\\\/StrategicSpaces\\\/\",\"https:\\\/\\\/www.instagram.com\\\/officeforstrategicspaces\\\/\",\"https:\\\/\\\/www.youtube.com\\\/user\\\/strategicspaces\\\/\"]},{\"@type\":\"Person\",\"@id\":\"https:\\\/\\\/www.o-s-s.org\\\/#\\\/schema\\\/person\\\/2a785beaa4d05af5b373cd96132c3ce3\",\"name\":\"OSS\",\"image\":{\"@type\":\"ImageObject\",\"inLanguage\":\"es\",\"@id\":\"https:\\\/\\\/secure.gravatar.com\\\/avatar\\\/6cd13c1e3f298d06fdc2886bb60113957663534d195d8b90ef9408d0d520ff23?s=96&d=mm&r=g\",\"url\":\"https:\\\/\\\/secure.gravatar.com\\\/avatar\\\/6cd13c1e3f298d06fdc2886bb60113957663534d195d8b90ef9408d0d520ff23?s=96&d=mm&r=g\",\"contentUrl\":\"https:\\\/\\\/secure.gravatar.com\\\/avatar\\\/6cd13c1e3f298d06fdc2886bb60113957663534d195d8b90ef9408d0d520ff23?s=96&d=mm&r=g\",\"caption\":\"OSS\"},\"url\":\"https:\\\/\\\/www.o-s-s.org\\\/es\\\/author\\\/simonarota\\\/\"}]}<\/script>\n<!-- \/ Yoast SEO plugin. -->","yoast_head_json":{"title":"Seleccionados para la 15.Biennale di Venezia - Office for Strategic Spaces","robots":{"index":"index","follow":"follow","max-snippet":"max-snippet:-1","max-image-preview":"max-image-preview:large","max-video-preview":"max-video-preview:-1"},"canonical":"https:\/\/www.o-s-s.org\/es\/en-la-15-biennale-di-venezia\/","og_locale":"es_ES","og_type":"article","og_title":"Seleccionados para la 15.Biennale di Venezia - Office for Strategic Spaces","og_description":"Factor\u00eda Cultural en el Matadero Madrid, realizada por \u00c1ngel Borrego Cubero \/Office for Strategic Spaces, ha sido seleccionada para formar parte del Pabell\u00f3n Espa\u00f1ol de la 15 Biennale di Venezia &#8211; Arquitectura (28 mayo &#8211; 27 noviembre 2016). El pabell\u00f3n, comisariado en esta edici\u00f3n por Inaqui Carnicero y Carlos Quintans, se titula \u00abUnfinished\u00bb y va [&hellip;]","og_url":"https:\/\/www.o-s-s.org\/es\/en-la-15-biennale-di-venezia\/","og_site_name":"Office for Strategic Spaces","article_publisher":"https:\/\/www.facebook.com\/StrategicSpaces\/","article_published_time":"2016-04-19T11:17:32+00:00","article_modified_time":"2024-07-02T11:42:40+00:00","og_image":[{"width":1752,"height":1168,"url":"https:\/\/www.o-s-s.org\/wp-content\/uploads\/2016\/04\/Press-image-01-B-01.jpg","type":"image\/jpeg"}],"author":"OSS","twitter_card":"summary_large_image","twitter_misc":{"Escrito por":"OSS"},"schema":{"@context":"https:\/\/schema.org","@graph":[{"@type":"Article","@id":"https:\/\/www.o-s-s.org\/es\/en-la-15-biennale-di-venezia\/#article","isPartOf":{"@id":"https:\/\/www.o-s-s.org\/es\/en-la-15-biennale-di-venezia\/"},"author":{"name":"OSS","@id":"https:\/\/www.o-s-s.org\/#\/schema\/person\/2a785beaa4d05af5b373cd96132c3ce3"},"headline":"Seleccionados para la 15.Biennale di Venezia","datePublished":"2016-04-19T11:17:32+00:00","dateModified":"2024-07-02T11:42:40+00:00","mainEntityOfPage":{"@id":"https:\/\/www.o-s-s.org\/es\/en-la-15-biennale-di-venezia\/"},"wordCount":81,"publisher":{"@id":"https:\/\/www.o-s-s.org\/#organization"},"image":{"@id":"https:\/\/www.o-s-s.org\/es\/en-la-15-biennale-di-venezia\/#primaryimage"},"thumbnailUrl":"https:\/\/www.o-s-s.org\/wp-content\/uploads\/2016\/04\/Press-image-01-B-01.jpg","keywords":["15 Biennale di Venezia","Angel Borrego","Angel Borrego Cubero","Arquitectura reversible","Biennale di Venezia","Cultural Factory","Factor\u00eda Cultural Madrid","Office for Strategic Spaces","OSS","Pabell\u00f3n Espa\u00f1ol","Rehabilitation","Unfinished","XIII BEAU","XIII Bienal Espa\u00f1ola de Arquitectura Espa\u00f1ola"],"articleSection":["Noticias"],"inLanguage":"es"},{"@type":"WebPage","@id":"https:\/\/www.o-s-s.org\/es\/en-la-15-biennale-di-venezia\/","url":"https:\/\/www.o-s-s.org\/es\/en-la-15-biennale-di-venezia\/","name":"Seleccionados para la 15.Biennale di Venezia - Office for Strategic Spaces","isPartOf":{"@id":"https:\/\/www.o-s-s.org\/#website"},"primaryImageOfPage":{"@id":"https:\/\/www.o-s-s.org\/es\/en-la-15-biennale-di-venezia\/#primaryimage"},"image":{"@id":"https:\/\/www.o-s-s.org\/es\/en-la-15-biennale-di-venezia\/#primaryimage"},"thumbnailUrl":"https:\/\/www.o-s-s.org\/wp-content\/uploads\/2016\/04\/Press-image-01-B-01.jpg","datePublished":"2016-04-19T11:17:32+00:00","dateModified":"2024-07-02T11:42:40+00:00","breadcrumb":{"@id":"https:\/\/www.o-s-s.org\/es\/en-la-15-biennale-di-venezia\/#breadcrumb"},"inLanguage":"es","potentialAction":[{"@type":"ReadAction","target":["https:\/\/www.o-s-s.org\/es\/en-la-15-biennale-di-venezia\/"]}]},{"@type":"ImageObject","inLanguage":"es","@id":"https:\/\/www.o-s-s.org\/es\/en-la-15-biennale-di-venezia\/#primaryimage","url":"https:\/\/www.o-s-s.org\/wp-content\/uploads\/2016\/04\/Press-image-01-B-01.jpg","contentUrl":"https:\/\/www.o-s-s.org\/wp-content\/uploads\/2016\/04\/Press-image-01-B-01.jpg","width":1752,"height":1168},{"@type":"BreadcrumbList","@id":"https:\/\/www.o-s-s.org\/es\/en-la-15-biennale-di-venezia\/#breadcrumb","itemListElement":[{"@type":"ListItem","position":1,"name":"Portada","item":"https:\/\/www.o-s-s.org\/es\/"},{"@type":"ListItem","position":2,"name":"Seleccionados para la 15.Biennale di Venezia"}]},{"@type":"WebSite","@id":"https:\/\/www.o-s-s.org\/#website","url":"https:\/\/www.o-s-s.org\/","name":"OSS Office for Strategic Spaces","description":"Office for Strategic Spaces  I Arquitectura, Dise\u00f1o  &amp; Investigaci\u00f3n Urbana","publisher":{"@id":"https:\/\/www.o-s-s.org\/#organization"},"potentialAction":[{"@type":"SearchAction","target":{"@type":"EntryPoint","urlTemplate":"https:\/\/www.o-s-s.org\/?s={search_term_string}"},"query-input":{"@type":"PropertyValueSpecification","valueRequired":true,"valueName":"search_term_string"}}],"inLanguage":"es"},{"@type":"Organization","@id":"https:\/\/www.o-s-s.org\/#organization","name":"OSS Office for Strategic Spaces","url":"https:\/\/www.o-s-s.org\/","logo":{"@type":"ImageObject","inLanguage":"es","@id":"https:\/\/www.o-s-s.org\/#\/schema\/logo\/image\/","url":"https:\/\/www.o-s-s.org\/wp-content\/uploads\/2017\/09\/logo-negro.png","contentUrl":"https:\/\/www.o-s-s.org\/wp-content\/uploads\/2017\/09\/logo-negro.png","width":764,"height":48,"caption":"OSS Office for Strategic Spaces"},"image":{"@id":"https:\/\/www.o-s-s.org\/#\/schema\/logo\/image\/"},"sameAs":["https:\/\/www.facebook.com\/StrategicSpaces\/","https:\/\/www.instagram.com\/officeforstrategicspaces\/","https:\/\/www.youtube.com\/user\/strategicspaces\/"]},{"@type":"Person","@id":"https:\/\/www.o-s-s.org\/#\/schema\/person\/2a785beaa4d05af5b373cd96132c3ce3","name":"OSS","image":{"@type":"ImageObject","inLanguage":"es","@id":"https:\/\/secure.gravatar.com\/avatar\/6cd13c1e3f298d06fdc2886bb60113957663534d195d8b90ef9408d0d520ff23?s=96&d=mm&r=g","url":"https:\/\/secure.gravatar.com\/avatar\/6cd13c1e3f298d06fdc2886bb60113957663534d195d8b90ef9408d0d520ff23?s=96&d=mm&r=g","contentUrl":"https:\/\/secure.gravatar.com\/avatar\/6cd13c1e3f298d06fdc2886bb60113957663534d195d8b90ef9408d0d520ff23?s=96&d=mm&r=g","caption":"OSS"},"url":"https:\/\/www.o-s-s.org\/es\/author\/simonarota\/"}]}},"_links":{"self":[{"href":"https:\/\/www.o-s-s.org\/es\/wp-json\/wp\/v2\/posts\/1505","targetHints":{"allow":["GET"]}}],"collection":[{"href":"https:\/\/www.o-s-s.org\/es\/wp-json\/wp\/v2\/posts"}],"about":[{"href":"https:\/\/www.o-s-s.org\/es\/wp-json\/wp\/v2\/types\/post"}],"author":[{"embeddable":true,"href":"https:\/\/www.o-s-s.org\/es\/wp-json\/wp\/v2\/users\/2"}],"replies":[{"embeddable":true,"href":"https:\/\/www.o-s-s.org\/es\/wp-json\/wp\/v2\/comments?post=1505"}],"version-history":[{"count":1,"href":"https:\/\/www.o-s-s.org\/es\/wp-json\/wp\/v2\/posts\/1505\/revisions"}],"predecessor-version":[{"id":4217,"href":"https:\/\/www.o-s-s.org\/es\/wp-json\/wp\/v2\/posts\/1505\/revisions\/4217"}],"wp:featuredmedia":[{"embeddable":true,"href":"https:\/\/www.o-s-s.org\/es\/wp-json\/wp\/v2\/media\/2494"}],"wp:attachment":[{"href":"https:\/\/www.o-s-s.org\/es\/wp-json\/wp\/v2\/media?parent=1505"}],"wp:term":[{"taxonomy":"category","embeddable":true,"href":"https:\/\/www.o-s-s.org\/es\/wp-json\/wp\/v2\/categories?post=1505"},{"taxonomy":"post_tag","embeddable":true,"href":"https:\/\/www.o-s-s.org\/es\/wp-json\/wp\/v2\/tags?post=1505"}],"curies":[{"name":"wp","href":"https:\/\/api.w.org\/{rel}","templated":true}]}}