{"id":2501,"date":"2016-11-21T18:46:49","date_gmt":"2016-11-21T18:46:49","guid":{"rendered":"http:\/\/www.o-s-s.org\/?p=2501"},"modified":"2018-02-09T18:50:48","modified_gmt":"2018-02-09T18:50:48","slug":"en-la-portada-de-on-diseno","status":"publish","type":"post","link":"https:\/\/www.o-s-s.org\/es\/en-la-portada-de-on-diseno\/","title":{"rendered":"En la portada de On Dise\u00f1o"},"content":{"rendered":"<p>Nuestro proyecto, Factoria Cultural Matadero Madrid est\u00e1 en la cubierta y el interior de On Dise\u00f1o #365, un n\u00famero dedicado a espacios de trabajo<\/p>\n","protected":false},"excerpt":{"rendered":"<p>Nuestro proyecto, Factoria Cultural Matadero Madrid est\u00e1 en la cubierta y el interior de On Dise\u00f1o #365, un n\u00famero dedicado a espacios de trabajo<\/p>\n","protected":false},"author":2,"featured_media":2502,"comment_status":"closed","ping_status":"closed","sticky":false,"template":"","format":"standard","meta":{"_acf_changed":false,"footnotes":""},"categories":[11],"tags":[10,187,251,126,138,127,12,252,250],"class_list":["post-2501","post","type-post","status-publish","format-standard","has-post-thumbnail","hentry","category-noticias","tag-angel-borrego-cubero","tag-co-working","tag-espacios-de-trabajo","tag-factoria-cultural","tag-factoria-cultural-madrid","tag-matadero-madrid","tag-office-for-strategic-spaces","tag-oficinas","tag-on-diseno"],"acf":[],"yoast_head":"<!-- This site is optimized with the Yoast SEO plugin v27.5 - https:\/\/yoast.com\/product\/yoast-seo-wordpress\/ -->\n<title>En la portada de On Dise\u00f1o - Office for Strategic Spaces<\/title>\n<meta name=\"robots\" content=\"index, follow, max-snippet:-1, max-image-preview:large, max-video-preview:-1\" \/>\n<link rel=\"canonical\" href=\"https:\/\/www.o-s-s.org\/es\/en-la-portada-de-on-diseno\/\" \/>\n<meta property=\"og:locale\" content=\"es_ES\" \/>\n<meta property=\"og:type\" content=\"article\" \/>\n<meta property=\"og:title\" content=\"En la portada de On Dise\u00f1o - Office for Strategic Spaces\" \/>\n<meta property=\"og:description\" content=\"Nuestro proyecto, Factoria Cultural Matadero Madrid est\u00e1 en la cubierta y el interior de On Dise\u00f1o #365, un n\u00famero dedicado a espacios de trabajo\" \/>\n<meta property=\"og:url\" content=\"https:\/\/www.o-s-s.org\/es\/en-la-portada-de-on-diseno\/\" \/>\n<meta property=\"og:site_name\" content=\"Office for Strategic Spaces\" \/>\n<meta property=\"article:publisher\" content=\"https:\/\/www.facebook.com\/StrategicSpaces\/\" \/>\n<meta property=\"article:published_time\" content=\"2016-11-21T18:46:49+00:00\" \/>\n<meta property=\"article:modified_time\" content=\"2018-02-09T18:50:48+00:00\" \/>\n<meta property=\"og:image\" content=\"https:\/\/www.o-s-s.org\/wp-content\/uploads\/2018\/02\/cover-861x1024.jpg\" \/>\n\t<meta property=\"og:image:width\" content=\"861\" \/>\n\t<meta property=\"og:image:height\" content=\"1024\" \/>\n\t<meta property=\"og:image:type\" content=\"image\/jpeg\" \/>\n<meta name=\"author\" content=\"OSS\" \/>\n<meta name=\"twitter:card\" content=\"summary_large_image\" \/>\n<meta name=\"twitter:label1\" content=\"Escrito por\" \/>\n\t<meta name=\"twitter:data1\" content=\"OSS\" \/>\n<script type=\"application\/ld+json\" class=\"yoast-schema-graph\">{\"@context\":\"https:\\\/\\\/schema.org\",\"@graph\":[{\"@type\":\"Article\",\"@id\":\"https:\\\/\\\/www.o-s-s.org\\\/es\\\/en-la-portada-de-on-diseno\\\/#article\",\"isPartOf\":{\"@id\":\"https:\\\/\\\/www.o-s-s.org\\\/es\\\/en-la-portada-de-on-diseno\\\/\"},\"author\":{\"name\":\"OSS\",\"@id\":\"https:\\\/\\\/www.o-s-s.org\\\/#\\\/schema\\\/person\\\/2a785beaa4d05af5b373cd96132c3ce3\"},\"headline\":\"En la portada de On Dise\u00f1o\",\"datePublished\":\"2016-11-21T18:46:49+00:00\",\"dateModified\":\"2018-02-09T18:50:48+00:00\",\"mainEntityOfPage\":{\"@id\":\"https:\\\/\\\/www.o-s-s.org\\\/es\\\/en-la-portada-de-on-diseno\\\/\"},\"wordCount\":32,\"publisher\":{\"@id\":\"https:\\\/\\\/www.o-s-s.org\\\/#organization\"},\"image\":{\"@id\":\"https:\\\/\\\/www.o-s-s.org\\\/es\\\/en-la-portada-de-on-diseno\\\/#primaryimage\"},\"thumbnailUrl\":\"https:\\\/\\\/www.o-s-s.org\\\/wp-content\\\/uploads\\\/2018\\\/02\\\/cover.jpg\",\"keywords\":[\"Angel Borrego Cubero\",\"co-working\",\"espacios de trabajo\",\"Factoria Cultural\",\"Factor\u00eda Cultural Madrid\",\"Matadero Madrid\",\"Office for Strategic Spaces\",\"oficinas\",\"On Dise\u00f1o\"],\"articleSection\":[\"Noticias\"],\"inLanguage\":\"es\"},{\"@type\":\"WebPage\",\"@id\":\"https:\\\/\\\/www.o-s-s.org\\\/es\\\/en-la-portada-de-on-diseno\\\/\",\"url\":\"https:\\\/\\\/www.o-s-s.org\\\/es\\\/en-la-portada-de-on-diseno\\\/\",\"name\":\"En la portada de On Dise\u00f1o - Office for Strategic Spaces\",\"isPartOf\":{\"@id\":\"https:\\\/\\\/www.o-s-s.org\\\/#website\"},\"primaryImageOfPage\":{\"@id\":\"https:\\\/\\\/www.o-s-s.org\\\/es\\\/en-la-portada-de-on-diseno\\\/#primaryimage\"},\"image\":{\"@id\":\"https:\\\/\\\/www.o-s-s.org\\\/es\\\/en-la-portada-de-on-diseno\\\/#primaryimage\"},\"thumbnailUrl\":\"https:\\\/\\\/www.o-s-s.org\\\/wp-content\\\/uploads\\\/2018\\\/02\\\/cover.jpg\",\"datePublished\":\"2016-11-21T18:46:49+00:00\",\"dateModified\":\"2018-02-09T18:50:48+00:00\",\"breadcrumb\":{\"@id\":\"https:\\\/\\\/www.o-s-s.org\\\/es\\\/en-la-portada-de-on-diseno\\\/#breadcrumb\"},\"inLanguage\":\"es\",\"potentialAction\":[{\"@type\":\"ReadAction\",\"target\":[\"https:\\\/\\\/www.o-s-s.org\\\/es\\\/en-la-portada-de-on-diseno\\\/\"]}]},{\"@type\":\"ImageObject\",\"inLanguage\":\"es\",\"@id\":\"https:\\\/\\\/www.o-s-s.org\\\/es\\\/en-la-portada-de-on-diseno\\\/#primaryimage\",\"url\":\"https:\\\/\\\/www.o-s-s.org\\\/wp-content\\\/uploads\\\/2018\\\/02\\\/cover.jpg\",\"contentUrl\":\"https:\\\/\\\/www.o-s-s.org\\\/wp-content\\\/uploads\\\/2018\\\/02\\\/cover.jpg\",\"width\":1920,\"height\":2284},{\"@type\":\"BreadcrumbList\",\"@id\":\"https:\\\/\\\/www.o-s-s.org\\\/es\\\/en-la-portada-de-on-diseno\\\/#breadcrumb\",\"itemListElement\":[{\"@type\":\"ListItem\",\"position\":1,\"name\":\"Portada\",\"item\":\"https:\\\/\\\/www.o-s-s.org\\\/es\\\/\"},{\"@type\":\"ListItem\",\"position\":2,\"name\":\"En la portada de On Dise\u00f1o\"}]},{\"@type\":\"WebSite\",\"@id\":\"https:\\\/\\\/www.o-s-s.org\\\/#website\",\"url\":\"https:\\\/\\\/www.o-s-s.org\\\/\",\"name\":\"OSS Office for Strategic Spaces\",\"description\":\"Office for Strategic Spaces  I Arquitectura, Dise\u00f1o  &amp; Investigaci\u00f3n Urbana\",\"publisher\":{\"@id\":\"https:\\\/\\\/www.o-s-s.org\\\/#organization\"},\"potentialAction\":[{\"@type\":\"SearchAction\",\"target\":{\"@type\":\"EntryPoint\",\"urlTemplate\":\"https:\\\/\\\/www.o-s-s.org\\\/?s={search_term_string}\"},\"query-input\":{\"@type\":\"PropertyValueSpecification\",\"valueRequired\":true,\"valueName\":\"search_term_string\"}}],\"inLanguage\":\"es\"},{\"@type\":\"Organization\",\"@id\":\"https:\\\/\\\/www.o-s-s.org\\\/#organization\",\"name\":\"OSS Office for Strategic Spaces\",\"url\":\"https:\\\/\\\/www.o-s-s.org\\\/\",\"logo\":{\"@type\":\"ImageObject\",\"inLanguage\":\"es\",\"@id\":\"https:\\\/\\\/www.o-s-s.org\\\/#\\\/schema\\\/logo\\\/image\\\/\",\"url\":\"https:\\\/\\\/www.o-s-s.org\\\/wp-content\\\/uploads\\\/2017\\\/09\\\/logo-negro.png\",\"contentUrl\":\"https:\\\/\\\/www.o-s-s.org\\\/wp-content\\\/uploads\\\/2017\\\/09\\\/logo-negro.png\",\"width\":764,\"height\":48,\"caption\":\"OSS Office for Strategic Spaces\"},\"image\":{\"@id\":\"https:\\\/\\\/www.o-s-s.org\\\/#\\\/schema\\\/logo\\\/image\\\/\"},\"sameAs\":[\"https:\\\/\\\/www.facebook.com\\\/StrategicSpaces\\\/\",\"https:\\\/\\\/www.instagram.com\\\/officeforstrategicspaces\\\/\",\"https:\\\/\\\/www.youtube.com\\\/user\\\/strategicspaces\\\/\"]},{\"@type\":\"Person\",\"@id\":\"https:\\\/\\\/www.o-s-s.org\\\/#\\\/schema\\\/person\\\/2a785beaa4d05af5b373cd96132c3ce3\",\"name\":\"OSS\",\"image\":{\"@type\":\"ImageObject\",\"inLanguage\":\"es\",\"@id\":\"https:\\\/\\\/secure.gravatar.com\\\/avatar\\\/6cd13c1e3f298d06fdc2886bb60113957663534d195d8b90ef9408d0d520ff23?s=96&d=mm&r=g\",\"url\":\"https:\\\/\\\/secure.gravatar.com\\\/avatar\\\/6cd13c1e3f298d06fdc2886bb60113957663534d195d8b90ef9408d0d520ff23?s=96&d=mm&r=g\",\"contentUrl\":\"https:\\\/\\\/secure.gravatar.com\\\/avatar\\\/6cd13c1e3f298d06fdc2886bb60113957663534d195d8b90ef9408d0d520ff23?s=96&d=mm&r=g\",\"caption\":\"OSS\"},\"url\":\"https:\\\/\\\/www.o-s-s.org\\\/es\\\/author\\\/simonarota\\\/\"}]}<\/script>\n<!-- \/ Yoast SEO plugin. -->","yoast_head_json":{"title":"En la portada de On Dise\u00f1o - Office for Strategic Spaces","robots":{"index":"index","follow":"follow","max-snippet":"max-snippet:-1","max-image-preview":"max-image-preview:large","max-video-preview":"max-video-preview:-1"},"canonical":"https:\/\/www.o-s-s.org\/es\/en-la-portada-de-on-diseno\/","og_locale":"es_ES","og_type":"article","og_title":"En la portada de On Dise\u00f1o - Office for Strategic Spaces","og_description":"Nuestro proyecto, Factoria Cultural Matadero Madrid est\u00e1 en la cubierta y el interior de On Dise\u00f1o #365, un n\u00famero dedicado a espacios de trabajo","og_url":"https:\/\/www.o-s-s.org\/es\/en-la-portada-de-on-diseno\/","og_site_name":"Office for Strategic Spaces","article_publisher":"https:\/\/www.facebook.com\/StrategicSpaces\/","article_published_time":"2016-11-21T18:46:49+00:00","article_modified_time":"2018-02-09T18:50:48+00:00","og_image":[{"width":861,"height":1024,"url":"https:\/\/www.o-s-s.org\/wp-content\/uploads\/2018\/02\/cover-861x1024.jpg","type":"image\/jpeg"}],"author":"OSS","twitter_card":"summary_large_image","twitter_misc":{"Escrito por":"OSS"},"schema":{"@context":"https:\/\/schema.org","@graph":[{"@type":"Article","@id":"https:\/\/www.o-s-s.org\/es\/en-la-portada-de-on-diseno\/#article","isPartOf":{"@id":"https:\/\/www.o-s-s.org\/es\/en-la-portada-de-on-diseno\/"},"author":{"name":"OSS","@id":"https:\/\/www.o-s-s.org\/#\/schema\/person\/2a785beaa4d05af5b373cd96132c3ce3"},"headline":"En la portada de On Dise\u00f1o","datePublished":"2016-11-21T18:46:49+00:00","dateModified":"2018-02-09T18:50:48+00:00","mainEntityOfPage":{"@id":"https:\/\/www.o-s-s.org\/es\/en-la-portada-de-on-diseno\/"},"wordCount":32,"publisher":{"@id":"https:\/\/www.o-s-s.org\/#organization"},"image":{"@id":"https:\/\/www.o-s-s.org\/es\/en-la-portada-de-on-diseno\/#primaryimage"},"thumbnailUrl":"https:\/\/www.o-s-s.org\/wp-content\/uploads\/2018\/02\/cover.jpg","keywords":["Angel Borrego Cubero","co-working","espacios de trabajo","Factoria Cultural","Factor\u00eda Cultural Madrid","Matadero Madrid","Office for Strategic Spaces","oficinas","On Dise\u00f1o"],"articleSection":["Noticias"],"inLanguage":"es"},{"@type":"WebPage","@id":"https:\/\/www.o-s-s.org\/es\/en-la-portada-de-on-diseno\/","url":"https:\/\/www.o-s-s.org\/es\/en-la-portada-de-on-diseno\/","name":"En la portada de On Dise\u00f1o - Office for Strategic Spaces","isPartOf":{"@id":"https:\/\/www.o-s-s.org\/#website"},"primaryImageOfPage":{"@id":"https:\/\/www.o-s-s.org\/es\/en-la-portada-de-on-diseno\/#primaryimage"},"image":{"@id":"https:\/\/www.o-s-s.org\/es\/en-la-portada-de-on-diseno\/#primaryimage"},"thumbnailUrl":"https:\/\/www.o-s-s.org\/wp-content\/uploads\/2018\/02\/cover.jpg","datePublished":"2016-11-21T18:46:49+00:00","dateModified":"2018-02-09T18:50:48+00:00","breadcrumb":{"@id":"https:\/\/www.o-s-s.org\/es\/en-la-portada-de-on-diseno\/#breadcrumb"},"inLanguage":"es","potentialAction":[{"@type":"ReadAction","target":["https:\/\/www.o-s-s.org\/es\/en-la-portada-de-on-diseno\/"]}]},{"@type":"ImageObject","inLanguage":"es","@id":"https:\/\/www.o-s-s.org\/es\/en-la-portada-de-on-diseno\/#primaryimage","url":"https:\/\/www.o-s-s.org\/wp-content\/uploads\/2018\/02\/cover.jpg","contentUrl":"https:\/\/www.o-s-s.org\/wp-content\/uploads\/2018\/02\/cover.jpg","width":1920,"height":2284},{"@type":"BreadcrumbList","@id":"https:\/\/www.o-s-s.org\/es\/en-la-portada-de-on-diseno\/#breadcrumb","itemListElement":[{"@type":"ListItem","position":1,"name":"Portada","item":"https:\/\/www.o-s-s.org\/es\/"},{"@type":"ListItem","position":2,"name":"En la portada de On Dise\u00f1o"}]},{"@type":"WebSite","@id":"https:\/\/www.o-s-s.org\/#website","url":"https:\/\/www.o-s-s.org\/","name":"OSS Office for Strategic Spaces","description":"Office for Strategic Spaces  I Arquitectura, Dise\u00f1o  &amp; Investigaci\u00f3n Urbana","publisher":{"@id":"https:\/\/www.o-s-s.org\/#organization"},"potentialAction":[{"@type":"SearchAction","target":{"@type":"EntryPoint","urlTemplate":"https:\/\/www.o-s-s.org\/?s={search_term_string}"},"query-input":{"@type":"PropertyValueSpecification","valueRequired":true,"valueName":"search_term_string"}}],"inLanguage":"es"},{"@type":"Organization","@id":"https:\/\/www.o-s-s.org\/#organization","name":"OSS Office for Strategic Spaces","url":"https:\/\/www.o-s-s.org\/","logo":{"@type":"ImageObject","inLanguage":"es","@id":"https:\/\/www.o-s-s.org\/#\/schema\/logo\/image\/","url":"https:\/\/www.o-s-s.org\/wp-content\/uploads\/2017\/09\/logo-negro.png","contentUrl":"https:\/\/www.o-s-s.org\/wp-content\/uploads\/2017\/09\/logo-negro.png","width":764,"height":48,"caption":"OSS Office for Strategic Spaces"},"image":{"@id":"https:\/\/www.o-s-s.org\/#\/schema\/logo\/image\/"},"sameAs":["https:\/\/www.facebook.com\/StrategicSpaces\/","https:\/\/www.instagram.com\/officeforstrategicspaces\/","https:\/\/www.youtube.com\/user\/strategicspaces\/"]},{"@type":"Person","@id":"https:\/\/www.o-s-s.org\/#\/schema\/person\/2a785beaa4d05af5b373cd96132c3ce3","name":"OSS","image":{"@type":"ImageObject","inLanguage":"es","@id":"https:\/\/secure.gravatar.com\/avatar\/6cd13c1e3f298d06fdc2886bb60113957663534d195d8b90ef9408d0d520ff23?s=96&d=mm&r=g","url":"https:\/\/secure.gravatar.com\/avatar\/6cd13c1e3f298d06fdc2886bb60113957663534d195d8b90ef9408d0d520ff23?s=96&d=mm&r=g","contentUrl":"https:\/\/secure.gravatar.com\/avatar\/6cd13c1e3f298d06fdc2886bb60113957663534d195d8b90ef9408d0d520ff23?s=96&d=mm&r=g","caption":"OSS"},"url":"https:\/\/www.o-s-s.org\/es\/author\/simonarota\/"}]}},"_links":{"self":[{"href":"https:\/\/www.o-s-s.org\/es\/wp-json\/wp\/v2\/posts\/2501","targetHints":{"allow":["GET"]}}],"collection":[{"href":"https:\/\/www.o-s-s.org\/es\/wp-json\/wp\/v2\/posts"}],"about":[{"href":"https:\/\/www.o-s-s.org\/es\/wp-json\/wp\/v2\/types\/post"}],"author":[{"embeddable":true,"href":"https:\/\/www.o-s-s.org\/es\/wp-json\/wp\/v2\/users\/2"}],"replies":[{"embeddable":true,"href":"https:\/\/www.o-s-s.org\/es\/wp-json\/wp\/v2\/comments?post=2501"}],"version-history":[{"count":0,"href":"https:\/\/www.o-s-s.org\/es\/wp-json\/wp\/v2\/posts\/2501\/revisions"}],"wp:featuredmedia":[{"embeddable":true,"href":"https:\/\/www.o-s-s.org\/es\/wp-json\/wp\/v2\/media\/2502"}],"wp:attachment":[{"href":"https:\/\/www.o-s-s.org\/es\/wp-json\/wp\/v2\/media?parent=2501"}],"wp:term":[{"taxonomy":"category","embeddable":true,"href":"https:\/\/www.o-s-s.org\/es\/wp-json\/wp\/v2\/categories?post=2501"},{"taxonomy":"post_tag","embeddable":true,"href":"https:\/\/www.o-s-s.org\/es\/wp-json\/wp\/v2\/tags?post=2501"}],"curies":[{"name":"wp","href":"https:\/\/api.w.org\/{rel}","templated":true}]}}