{"id":2535,"date":"2017-11-02T16:58:17","date_gmt":"2017-11-02T16:58:17","guid":{"rendered":"http:\/\/www.o-s-s.org\/?p=2535"},"modified":"2024-07-02T12:36:24","modified_gmt":"2024-07-02T11:36:24","slug":"news-exposicion-vigilada-en-el-museo-nacional-centro-de-arte-y-naturaleza-cdan","status":"publish","type":"post","link":"https:\/\/www.o-s-s.org\/es\/news-exposicion-vigilada-en-el-museo-nacional-centro-de-arte-y-naturaleza-cdan\/","title":{"rendered":"\u00abExposici\u00f3n Vigilada\u00bb en el Museo Nacional Centro de Arte y Naturaleza CDAN"},"content":{"rendered":"<p>A partir de hoy, 2 noviembre 2017 hasta el 4 de marzo 2018, se podr\u00e1 ver la video instalaci\u00f3n \u00abExposici\u00f3n Vigilada\u00bb de \u00c1ngel Borrego Cubero en el Centro de Arte y Naturaleza &#8211; CDAN. <a href=\"https:\/\/soundcloud.com\/user-737775133\">Aqu\u00ed se puede escuchar <\/a>a \u00c1ngel explicando los objetivos y motivaciones de esta video instalaci\u00f3n.<\/p>\n","protected":false},"excerpt":{"rendered":"<p>A partir de hoy, 2 noviembre 2017 hasta el 4 de marzo 2018, se podr\u00e1 ver la video instalaci\u00f3n \u00abExposici\u00f3n Vigilada\u00bb de \u00c1ngel Borrego Cubero en el Centro de Arte y Naturaleza &#8211; CDAN. Aqu\u00ed se puede escuchar a \u00c1ngel explicando los objetivos y motivaciones de esta video instalaci\u00f3n.<\/p>\n","protected":false},"author":2,"featured_media":2536,"comment_status":"closed","ping_status":"closed","sticky":false,"template":"","format":"standard","meta":{"_acf_changed":false,"footnotes":""},"categories":[11],"tags":[9,10,270,268,265,12,267,269,266],"class_list":["post-2535","post","type-post","status-publish","format-standard","has-post-thumbnail","hentry","category-noticias","tag-angel-borrego","tag-angel-borrego-cubero","tag-cdan","tag-deriva","tag-exposicion-vigilada","tag-office-for-strategic-spaces","tag-terrorismo","tag-video-arte-espanol","tag-vigilancia"],"acf":[],"yoast_head":"<!-- This site is optimized with the Yoast SEO plugin v27.5 - https:\/\/yoast.com\/product\/yoast-seo-wordpress\/ -->\n<title>&quot;Exposici\u00f3n Vigilada&quot; en el Museo Nacional Centro de Arte y Naturaleza CDAN - Office for Strategic Spaces<\/title>\n<meta name=\"robots\" content=\"index, follow, max-snippet:-1, max-image-preview:large, max-video-preview:-1\" \/>\n<link rel=\"canonical\" href=\"https:\/\/www.o-s-s.org\/es\/news-exposicion-vigilada-en-el-museo-nacional-centro-de-arte-y-naturaleza-cdan\/\" \/>\n<meta property=\"og:locale\" content=\"es_ES\" \/>\n<meta property=\"og:type\" content=\"article\" \/>\n<meta property=\"og:title\" content=\"&quot;Exposici\u00f3n Vigilada&quot; en el Museo Nacional Centro de Arte y Naturaleza CDAN - Office for Strategic Spaces\" \/>\n<meta property=\"og:description\" content=\"A partir de hoy, 2 noviembre 2017 hasta el 4 de marzo 2018, se podr\u00e1 ver la video instalaci\u00f3n \u00abExposici\u00f3n Vigilada\u00bb de \u00c1ngel Borrego Cubero en el Centro de Arte y Naturaleza &#8211; CDAN. Aqu\u00ed se puede escuchar a \u00c1ngel explicando los objetivos y motivaciones de esta video instalaci\u00f3n.\" \/>\n<meta property=\"og:url\" content=\"https:\/\/www.o-s-s.org\/es\/news-exposicion-vigilada-en-el-museo-nacional-centro-de-arte-y-naturaleza-cdan\/\" \/>\n<meta property=\"og:site_name\" content=\"Office for Strategic Spaces\" \/>\n<meta property=\"article:publisher\" content=\"https:\/\/www.facebook.com\/StrategicSpaces\/\" \/>\n<meta property=\"article:published_time\" content=\"2017-11-02T16:58:17+00:00\" \/>\n<meta property=\"article:modified_time\" content=\"2024-07-02T11:36:24+00:00\" \/>\n<meta property=\"og:image\" content=\"https:\/\/www.o-s-s.org\/wp-content\/uploads\/2018\/02\/IMG_8359-w.jpg\" \/>\n\t<meta property=\"og:image:width\" content=\"1920\" \/>\n\t<meta property=\"og:image:height\" content=\"1280\" \/>\n\t<meta property=\"og:image:type\" content=\"image\/jpeg\" \/>\n<meta name=\"author\" content=\"OSS\" \/>\n<meta name=\"twitter:card\" content=\"summary_large_image\" \/>\n<meta name=\"twitter:label1\" content=\"Escrito por\" \/>\n\t<meta name=\"twitter:data1\" content=\"OSS\" \/>\n<script type=\"application\/ld+json\" class=\"yoast-schema-graph\">{\"@context\":\"https:\\\/\\\/schema.org\",\"@graph\":[{\"@type\":\"Article\",\"@id\":\"https:\\\/\\\/www.o-s-s.org\\\/es\\\/news-exposicion-vigilada-en-el-museo-nacional-centro-de-arte-y-naturaleza-cdan\\\/#article\",\"isPartOf\":{\"@id\":\"https:\\\/\\\/www.o-s-s.org\\\/es\\\/news-exposicion-vigilada-en-el-museo-nacional-centro-de-arte-y-naturaleza-cdan\\\/\"},\"author\":{\"name\":\"OSS\",\"@id\":\"https:\\\/\\\/www.o-s-s.org\\\/#\\\/schema\\\/person\\\/2a785beaa4d05af5b373cd96132c3ce3\"},\"headline\":\"\u00abExposici\u00f3n Vigilada\u00bb en el Museo Nacional Centro de Arte y Naturaleza CDAN\",\"datePublished\":\"2017-11-02T16:58:17+00:00\",\"dateModified\":\"2024-07-02T11:36:24+00:00\",\"mainEntityOfPage\":{\"@id\":\"https:\\\/\\\/www.o-s-s.org\\\/es\\\/news-exposicion-vigilada-en-el-museo-nacional-centro-de-arte-y-naturaleza-cdan\\\/\"},\"wordCount\":61,\"publisher\":{\"@id\":\"https:\\\/\\\/www.o-s-s.org\\\/#organization\"},\"image\":{\"@id\":\"https:\\\/\\\/www.o-s-s.org\\\/es\\\/news-exposicion-vigilada-en-el-museo-nacional-centro-de-arte-y-naturaleza-cdan\\\/#primaryimage\"},\"thumbnailUrl\":\"https:\\\/\\\/www.o-s-s.org\\\/wp-content\\\/uploads\\\/2018\\\/02\\\/IMG_8359-w.jpg\",\"keywords\":[\"Angel Borrego\",\"Angel Borrego Cubero\",\"CDAN\",\"Deriva\",\"Exposici\u00f3n Vigilada\",\"Office for Strategic Spaces\",\"Terrorismo\",\"Video arte espa\u00f1ol\",\"Vigilancia\"],\"articleSection\":[\"Noticias\"],\"inLanguage\":\"es\"},{\"@type\":\"WebPage\",\"@id\":\"https:\\\/\\\/www.o-s-s.org\\\/es\\\/news-exposicion-vigilada-en-el-museo-nacional-centro-de-arte-y-naturaleza-cdan\\\/\",\"url\":\"https:\\\/\\\/www.o-s-s.org\\\/es\\\/news-exposicion-vigilada-en-el-museo-nacional-centro-de-arte-y-naturaleza-cdan\\\/\",\"name\":\"\\\"Exposici\u00f3n Vigilada\\\" en el Museo Nacional Centro de Arte y Naturaleza CDAN - Office for Strategic Spaces\",\"isPartOf\":{\"@id\":\"https:\\\/\\\/www.o-s-s.org\\\/#website\"},\"primaryImageOfPage\":{\"@id\":\"https:\\\/\\\/www.o-s-s.org\\\/es\\\/news-exposicion-vigilada-en-el-museo-nacional-centro-de-arte-y-naturaleza-cdan\\\/#primaryimage\"},\"image\":{\"@id\":\"https:\\\/\\\/www.o-s-s.org\\\/es\\\/news-exposicion-vigilada-en-el-museo-nacional-centro-de-arte-y-naturaleza-cdan\\\/#primaryimage\"},\"thumbnailUrl\":\"https:\\\/\\\/www.o-s-s.org\\\/wp-content\\\/uploads\\\/2018\\\/02\\\/IMG_8359-w.jpg\",\"datePublished\":\"2017-11-02T16:58:17+00:00\",\"dateModified\":\"2024-07-02T11:36:24+00:00\",\"breadcrumb\":{\"@id\":\"https:\\\/\\\/www.o-s-s.org\\\/es\\\/news-exposicion-vigilada-en-el-museo-nacional-centro-de-arte-y-naturaleza-cdan\\\/#breadcrumb\"},\"inLanguage\":\"es\",\"potentialAction\":[{\"@type\":\"ReadAction\",\"target\":[\"https:\\\/\\\/www.o-s-s.org\\\/es\\\/news-exposicion-vigilada-en-el-museo-nacional-centro-de-arte-y-naturaleza-cdan\\\/\"]}]},{\"@type\":\"ImageObject\",\"inLanguage\":\"es\",\"@id\":\"https:\\\/\\\/www.o-s-s.org\\\/es\\\/news-exposicion-vigilada-en-el-museo-nacional-centro-de-arte-y-naturaleza-cdan\\\/#primaryimage\",\"url\":\"https:\\\/\\\/www.o-s-s.org\\\/wp-content\\\/uploads\\\/2018\\\/02\\\/IMG_8359-w.jpg\",\"contentUrl\":\"https:\\\/\\\/www.o-s-s.org\\\/wp-content\\\/uploads\\\/2018\\\/02\\\/IMG_8359-w.jpg\",\"width\":1920,\"height\":1280},{\"@type\":\"BreadcrumbList\",\"@id\":\"https:\\\/\\\/www.o-s-s.org\\\/es\\\/news-exposicion-vigilada-en-el-museo-nacional-centro-de-arte-y-naturaleza-cdan\\\/#breadcrumb\",\"itemListElement\":[{\"@type\":\"ListItem\",\"position\":1,\"name\":\"Portada\",\"item\":\"https:\\\/\\\/www.o-s-s.org\\\/es\\\/\"},{\"@type\":\"ListItem\",\"position\":2,\"name\":\"&#8220;Exposici\u00f3n Vigilada&#8221; en el Museo Nacional Centro de Arte y Naturaleza CDAN\"}]},{\"@type\":\"WebSite\",\"@id\":\"https:\\\/\\\/www.o-s-s.org\\\/#website\",\"url\":\"https:\\\/\\\/www.o-s-s.org\\\/\",\"name\":\"OSS Office for Strategic Spaces\",\"description\":\"Office for Strategic Spaces  I Arquitectura, Dise\u00f1o  &amp; Investigaci\u00f3n Urbana\",\"publisher\":{\"@id\":\"https:\\\/\\\/www.o-s-s.org\\\/#organization\"},\"potentialAction\":[{\"@type\":\"SearchAction\",\"target\":{\"@type\":\"EntryPoint\",\"urlTemplate\":\"https:\\\/\\\/www.o-s-s.org\\\/?s={search_term_string}\"},\"query-input\":{\"@type\":\"PropertyValueSpecification\",\"valueRequired\":true,\"valueName\":\"search_term_string\"}}],\"inLanguage\":\"es\"},{\"@type\":\"Organization\",\"@id\":\"https:\\\/\\\/www.o-s-s.org\\\/#organization\",\"name\":\"OSS Office for Strategic Spaces\",\"url\":\"https:\\\/\\\/www.o-s-s.org\\\/\",\"logo\":{\"@type\":\"ImageObject\",\"inLanguage\":\"es\",\"@id\":\"https:\\\/\\\/www.o-s-s.org\\\/#\\\/schema\\\/logo\\\/image\\\/\",\"url\":\"https:\\\/\\\/www.o-s-s.org\\\/wp-content\\\/uploads\\\/2017\\\/09\\\/logo-negro.png\",\"contentUrl\":\"https:\\\/\\\/www.o-s-s.org\\\/wp-content\\\/uploads\\\/2017\\\/09\\\/logo-negro.png\",\"width\":764,\"height\":48,\"caption\":\"OSS Office for Strategic Spaces\"},\"image\":{\"@id\":\"https:\\\/\\\/www.o-s-s.org\\\/#\\\/schema\\\/logo\\\/image\\\/\"},\"sameAs\":[\"https:\\\/\\\/www.facebook.com\\\/StrategicSpaces\\\/\",\"https:\\\/\\\/www.instagram.com\\\/officeforstrategicspaces\\\/\",\"https:\\\/\\\/www.youtube.com\\\/user\\\/strategicspaces\\\/\"]},{\"@type\":\"Person\",\"@id\":\"https:\\\/\\\/www.o-s-s.org\\\/#\\\/schema\\\/person\\\/2a785beaa4d05af5b373cd96132c3ce3\",\"name\":\"OSS\",\"image\":{\"@type\":\"ImageObject\",\"inLanguage\":\"es\",\"@id\":\"https:\\\/\\\/secure.gravatar.com\\\/avatar\\\/6cd13c1e3f298d06fdc2886bb60113957663534d195d8b90ef9408d0d520ff23?s=96&d=mm&r=g\",\"url\":\"https:\\\/\\\/secure.gravatar.com\\\/avatar\\\/6cd13c1e3f298d06fdc2886bb60113957663534d195d8b90ef9408d0d520ff23?s=96&d=mm&r=g\",\"contentUrl\":\"https:\\\/\\\/secure.gravatar.com\\\/avatar\\\/6cd13c1e3f298d06fdc2886bb60113957663534d195d8b90ef9408d0d520ff23?s=96&d=mm&r=g\",\"caption\":\"OSS\"},\"url\":\"https:\\\/\\\/www.o-s-s.org\\\/es\\\/author\\\/simonarota\\\/\"}]}<\/script>\n<!-- \/ Yoast SEO plugin. -->","yoast_head_json":{"title":"\"Exposici\u00f3n Vigilada\" en el Museo Nacional Centro de Arte y Naturaleza CDAN - Office for Strategic Spaces","robots":{"index":"index","follow":"follow","max-snippet":"max-snippet:-1","max-image-preview":"max-image-preview:large","max-video-preview":"max-video-preview:-1"},"canonical":"https:\/\/www.o-s-s.org\/es\/news-exposicion-vigilada-en-el-museo-nacional-centro-de-arte-y-naturaleza-cdan\/","og_locale":"es_ES","og_type":"article","og_title":"\"Exposici\u00f3n Vigilada\" en el Museo Nacional Centro de Arte y Naturaleza CDAN - Office for Strategic Spaces","og_description":"A partir de hoy, 2 noviembre 2017 hasta el 4 de marzo 2018, se podr\u00e1 ver la video instalaci\u00f3n \u00abExposici\u00f3n Vigilada\u00bb de \u00c1ngel Borrego Cubero en el Centro de Arte y Naturaleza &#8211; CDAN. Aqu\u00ed se puede escuchar a \u00c1ngel explicando los objetivos y motivaciones de esta video instalaci\u00f3n.","og_url":"https:\/\/www.o-s-s.org\/es\/news-exposicion-vigilada-en-el-museo-nacional-centro-de-arte-y-naturaleza-cdan\/","og_site_name":"Office for Strategic Spaces","article_publisher":"https:\/\/www.facebook.com\/StrategicSpaces\/","article_published_time":"2017-11-02T16:58:17+00:00","article_modified_time":"2024-07-02T11:36:24+00:00","og_image":[{"width":1920,"height":1280,"url":"https:\/\/www.o-s-s.org\/wp-content\/uploads\/2018\/02\/IMG_8359-w.jpg","type":"image\/jpeg"}],"author":"OSS","twitter_card":"summary_large_image","twitter_misc":{"Escrito por":"OSS"},"schema":{"@context":"https:\/\/schema.org","@graph":[{"@type":"Article","@id":"https:\/\/www.o-s-s.org\/es\/news-exposicion-vigilada-en-el-museo-nacional-centro-de-arte-y-naturaleza-cdan\/#article","isPartOf":{"@id":"https:\/\/www.o-s-s.org\/es\/news-exposicion-vigilada-en-el-museo-nacional-centro-de-arte-y-naturaleza-cdan\/"},"author":{"name":"OSS","@id":"https:\/\/www.o-s-s.org\/#\/schema\/person\/2a785beaa4d05af5b373cd96132c3ce3"},"headline":"\u00abExposici\u00f3n Vigilada\u00bb en el Museo Nacional Centro de Arte y Naturaleza CDAN","datePublished":"2017-11-02T16:58:17+00:00","dateModified":"2024-07-02T11:36:24+00:00","mainEntityOfPage":{"@id":"https:\/\/www.o-s-s.org\/es\/news-exposicion-vigilada-en-el-museo-nacional-centro-de-arte-y-naturaleza-cdan\/"},"wordCount":61,"publisher":{"@id":"https:\/\/www.o-s-s.org\/#organization"},"image":{"@id":"https:\/\/www.o-s-s.org\/es\/news-exposicion-vigilada-en-el-museo-nacional-centro-de-arte-y-naturaleza-cdan\/#primaryimage"},"thumbnailUrl":"https:\/\/www.o-s-s.org\/wp-content\/uploads\/2018\/02\/IMG_8359-w.jpg","keywords":["Angel Borrego","Angel Borrego Cubero","CDAN","Deriva","Exposici\u00f3n Vigilada","Office for Strategic Spaces","Terrorismo","Video arte espa\u00f1ol","Vigilancia"],"articleSection":["Noticias"],"inLanguage":"es"},{"@type":"WebPage","@id":"https:\/\/www.o-s-s.org\/es\/news-exposicion-vigilada-en-el-museo-nacional-centro-de-arte-y-naturaleza-cdan\/","url":"https:\/\/www.o-s-s.org\/es\/news-exposicion-vigilada-en-el-museo-nacional-centro-de-arte-y-naturaleza-cdan\/","name":"\"Exposici\u00f3n Vigilada\" en el Museo Nacional Centro de Arte y Naturaleza CDAN - Office for Strategic Spaces","isPartOf":{"@id":"https:\/\/www.o-s-s.org\/#website"},"primaryImageOfPage":{"@id":"https:\/\/www.o-s-s.org\/es\/news-exposicion-vigilada-en-el-museo-nacional-centro-de-arte-y-naturaleza-cdan\/#primaryimage"},"image":{"@id":"https:\/\/www.o-s-s.org\/es\/news-exposicion-vigilada-en-el-museo-nacional-centro-de-arte-y-naturaleza-cdan\/#primaryimage"},"thumbnailUrl":"https:\/\/www.o-s-s.org\/wp-content\/uploads\/2018\/02\/IMG_8359-w.jpg","datePublished":"2017-11-02T16:58:17+00:00","dateModified":"2024-07-02T11:36:24+00:00","breadcrumb":{"@id":"https:\/\/www.o-s-s.org\/es\/news-exposicion-vigilada-en-el-museo-nacional-centro-de-arte-y-naturaleza-cdan\/#breadcrumb"},"inLanguage":"es","potentialAction":[{"@type":"ReadAction","target":["https:\/\/www.o-s-s.org\/es\/news-exposicion-vigilada-en-el-museo-nacional-centro-de-arte-y-naturaleza-cdan\/"]}]},{"@type":"ImageObject","inLanguage":"es","@id":"https:\/\/www.o-s-s.org\/es\/news-exposicion-vigilada-en-el-museo-nacional-centro-de-arte-y-naturaleza-cdan\/#primaryimage","url":"https:\/\/www.o-s-s.org\/wp-content\/uploads\/2018\/02\/IMG_8359-w.jpg","contentUrl":"https:\/\/www.o-s-s.org\/wp-content\/uploads\/2018\/02\/IMG_8359-w.jpg","width":1920,"height":1280},{"@type":"BreadcrumbList","@id":"https:\/\/www.o-s-s.org\/es\/news-exposicion-vigilada-en-el-museo-nacional-centro-de-arte-y-naturaleza-cdan\/#breadcrumb","itemListElement":[{"@type":"ListItem","position":1,"name":"Portada","item":"https:\/\/www.o-s-s.org\/es\/"},{"@type":"ListItem","position":2,"name":"&#8220;Exposici\u00f3n Vigilada&#8221; en el Museo Nacional Centro de Arte y Naturaleza CDAN"}]},{"@type":"WebSite","@id":"https:\/\/www.o-s-s.org\/#website","url":"https:\/\/www.o-s-s.org\/","name":"OSS Office for Strategic Spaces","description":"Office for Strategic Spaces  I Arquitectura, Dise\u00f1o  &amp; Investigaci\u00f3n Urbana","publisher":{"@id":"https:\/\/www.o-s-s.org\/#organization"},"potentialAction":[{"@type":"SearchAction","target":{"@type":"EntryPoint","urlTemplate":"https:\/\/www.o-s-s.org\/?s={search_term_string}"},"query-input":{"@type":"PropertyValueSpecification","valueRequired":true,"valueName":"search_term_string"}}],"inLanguage":"es"},{"@type":"Organization","@id":"https:\/\/www.o-s-s.org\/#organization","name":"OSS Office for Strategic Spaces","url":"https:\/\/www.o-s-s.org\/","logo":{"@type":"ImageObject","inLanguage":"es","@id":"https:\/\/www.o-s-s.org\/#\/schema\/logo\/image\/","url":"https:\/\/www.o-s-s.org\/wp-content\/uploads\/2017\/09\/logo-negro.png","contentUrl":"https:\/\/www.o-s-s.org\/wp-content\/uploads\/2017\/09\/logo-negro.png","width":764,"height":48,"caption":"OSS Office for Strategic Spaces"},"image":{"@id":"https:\/\/www.o-s-s.org\/#\/schema\/logo\/image\/"},"sameAs":["https:\/\/www.facebook.com\/StrategicSpaces\/","https:\/\/www.instagram.com\/officeforstrategicspaces\/","https:\/\/www.youtube.com\/user\/strategicspaces\/"]},{"@type":"Person","@id":"https:\/\/www.o-s-s.org\/#\/schema\/person\/2a785beaa4d05af5b373cd96132c3ce3","name":"OSS","image":{"@type":"ImageObject","inLanguage":"es","@id":"https:\/\/secure.gravatar.com\/avatar\/6cd13c1e3f298d06fdc2886bb60113957663534d195d8b90ef9408d0d520ff23?s=96&d=mm&r=g","url":"https:\/\/secure.gravatar.com\/avatar\/6cd13c1e3f298d06fdc2886bb60113957663534d195d8b90ef9408d0d520ff23?s=96&d=mm&r=g","contentUrl":"https:\/\/secure.gravatar.com\/avatar\/6cd13c1e3f298d06fdc2886bb60113957663534d195d8b90ef9408d0d520ff23?s=96&d=mm&r=g","caption":"OSS"},"url":"https:\/\/www.o-s-s.org\/es\/author\/simonarota\/"}]}},"_links":{"self":[{"href":"https:\/\/www.o-s-s.org\/es\/wp-json\/wp\/v2\/posts\/2535","targetHints":{"allow":["GET"]}}],"collection":[{"href":"https:\/\/www.o-s-s.org\/es\/wp-json\/wp\/v2\/posts"}],"about":[{"href":"https:\/\/www.o-s-s.org\/es\/wp-json\/wp\/v2\/types\/post"}],"author":[{"embeddable":true,"href":"https:\/\/www.o-s-s.org\/es\/wp-json\/wp\/v2\/users\/2"}],"replies":[{"embeddable":true,"href":"https:\/\/www.o-s-s.org\/es\/wp-json\/wp\/v2\/comments?post=2535"}],"version-history":[{"count":1,"href":"https:\/\/www.o-s-s.org\/es\/wp-json\/wp\/v2\/posts\/2535\/revisions"}],"predecessor-version":[{"id":4193,"href":"https:\/\/www.o-s-s.org\/es\/wp-json\/wp\/v2\/posts\/2535\/revisions\/4193"}],"wp:featuredmedia":[{"embeddable":true,"href":"https:\/\/www.o-s-s.org\/es\/wp-json\/wp\/v2\/media\/2536"}],"wp:attachment":[{"href":"https:\/\/www.o-s-s.org\/es\/wp-json\/wp\/v2\/media?parent=2535"}],"wp:term":[{"taxonomy":"category","embeddable":true,"href":"https:\/\/www.o-s-s.org\/es\/wp-json\/wp\/v2\/categories?post=2535"},{"taxonomy":"post_tag","embeddable":true,"href":"https:\/\/www.o-s-s.org\/es\/wp-json\/wp\/v2\/tags?post=2535"}],"curies":[{"name":"wp","href":"https:\/\/api.w.org\/{rel}","templated":true}]}}