{"id":2948,"date":"2020-04-02T11:08:00","date_gmt":"2020-04-02T10:08:00","guid":{"rendered":"https:\/\/www.o-s-s.org\/?p=2948"},"modified":"2021-07-06T12:38:19","modified_gmt":"2021-07-06T11:38:19","slug":"news-nuevo-capitulo-de-las-clases-del-profesor-justo-isasi-2","status":"publish","type":"post","link":"https:\/\/www.o-s-s.org\/es\/news-nuevo-capitulo-de-las-clases-del-profesor-justo-isasi-2\/","title":{"rendered":"News: nuevo cap\u00edtulo de las clases del Profesor Justo Isasi"},"content":{"rendered":"\r\n<p>El confinamiento tiene que tener algo positivo: Hemos podido acabar de editar y traducir a ingl\u00e9s un cap\u00edtulo m\u00e1s de la serie dedicada a las clases del Profesor Justo Isasi. <a href=\"https:\/\/www.youtube.com\/watch?v=i_vHsmIZZWc\" target=\"_blank\" rel=\"noreferrer noopener\">\u00abHistor\u00edas a rayas\u00bb es la tercera lecci\u00f3n dibujada<\/a> de las seis que el profesor Justo Isasi dio en la primavera de 2016 en la <a href=\"https:\/\/www.facebook.com\/ETSAMadrid\/?__cft__[0]=AZWVyZ6-4msBgDw4uVORLoKFb44wthOUV_L2RRMnmDW5i3rmpV-P7bfLFTFHfQmmF6fr2o_P8fOFZJD-_Qu8zCRlgARg-f_dwvm4-PVWpvZ-zDnoqxQR4kpYfJ6o4I5dAgjJqzd7r5-S4j-8DRCQQ06d6vp02-1PWhyqGzKf-VziFpIpz5HR0kB2G_3eTNmI4hs&amp;__tn__=kK-R\">ETSAM<\/a> (Escuela T\u00e9cnica Superior de Arquitectura de Madrid) y recorre representaciones desde Karl Friedrich Schinkel, Augustus Pugin hasta Le Corbusier y Rem Koolhaas. Gracias a la colaboraci\u00f3n con <a href=\"https:\/\/www.plataformaarquitectura.cl\/cl\/936771\/clases-dibujadas-del-profesor-justo-isasi-historias-a-rayas?fbclid=IwAR0Q_5Q298aqXsc5XKJeTguaedOLjU9rouX0TM8th__gcFgDnvnQcVuQGPY\" target=\"_blank\" rel=\"noreferrer noopener\">Plataforma Arquitectura<\/a> y <a href=\"https:\/\/www.facebook.com\/ArchDaily\/?__cft__[0]=AZWVyZ6-4msBgDw4uVORLoKFb44wthOUV_L2RRMnmDW5i3rmpV-P7bfLFTFHfQmmF6fr2o_P8fOFZJD-_Qu8zCRlgARg-f_dwvm4-PVWpvZ-zDnoqxQR4kpYfJ6o4I5dAgjJqzd7r5-S4j-8DRCQQ06d6vp02-1PWhyqGzKf-VziFpIpz5HR0kB2G_3eTNmI4hs&amp;__tn__=kK-R\">ArchDaily<\/a> estas maravillosas clases podr\u00e1n ser disfrutadas m\u00e1s all\u00e1 de las aulas de la ETSAM. Es un proyecto sin \u00e1nimo de lucro, dirigido por <a href=\"https:\/\/www.facebook.com\/angel.b.cubero?__cft__[0]=AZWVyZ6-4msBgDw4uVORLoKFb44wthOUV_L2RRMnmDW5i3rmpV-P7bfLFTFHfQmmF6fr2o_P8fOFZJD-_Qu8zCRlgARg-f_dwvm4-PVWpvZ-zDnoqxQR4kpYfJ6o4I5dAgjJqzd7r5-S4j-8DRCQQ06d6vp02-1PWhyqGzKf-VziFpIpz5HR0kB2G_3eTNmI4hs&amp;__tn__=-]K-R\">Angel Borrego Cubero<\/a>.<\/p>\r\n","protected":false},"excerpt":{"rendered":"<p>El confinamiento tiene que tener algo positivo: Hemos podido acabar de editar y traducir a ingl\u00e9s un cap\u00edtulo m\u00e1s de la serie dedicada a las clases del Profesor Justo Isasi. \u00abHistor\u00edas a rayas\u00bb es la tercera lecci\u00f3n dibujada de las seis que el profesor Justo Isasi dio en la primavera de 2016 en la ETSAM [&hellip;]<\/p>\n","protected":false},"author":2,"featured_media":2925,"comment_status":"closed","ping_status":"closed","sticky":false,"template":"","format":"standard","meta":{"_acf_changed":false,"footnotes":""},"categories":[1],"tags":[10,412,411,414,51,353],"class_list":["post-2948","post","type-post","status-publish","format-standard","has-post-thumbnail","hentry","category-sin-categorizar","tag-angel-borrego-cubero","tag-arquitectura","tag-clases-de-arquitectura","tag-dibujo-de-arquitectura","tag-etsam","tag-justo-isasi"],"acf":[],"yoast_head":"<!-- This site is optimized with the Yoast SEO plugin v27.4 - https:\/\/yoast.com\/product\/yoast-seo-wordpress\/ -->\n<title>News: nuevo cap\u00edtulo de las clases del Profesor Justo Isasi - Office for Strategic Spaces<\/title>\n<meta name=\"robots\" content=\"index, follow, max-snippet:-1, max-image-preview:large, max-video-preview:-1\" \/>\n<link rel=\"canonical\" href=\"https:\/\/www.o-s-s.org\/es\/news-nuevo-capitulo-de-las-clases-del-profesor-justo-isasi-2\/\" \/>\n<meta property=\"og:locale\" content=\"es_ES\" \/>\n<meta property=\"og:type\" content=\"article\" \/>\n<meta property=\"og:title\" content=\"News: nuevo cap\u00edtulo de las clases del Profesor Justo Isasi - Office for Strategic Spaces\" \/>\n<meta property=\"og:description\" content=\"El confinamiento tiene que tener algo positivo: Hemos podido acabar de editar y traducir a ingl\u00e9s un cap\u00edtulo m\u00e1s de la serie dedicada a las clases del Profesor Justo Isasi. \u00abHistor\u00edas a rayas\u00bb es la tercera lecci\u00f3n dibujada de las seis que el profesor Justo Isasi dio en la primavera de 2016 en la ETSAM [&hellip;]\" \/>\n<meta property=\"og:url\" content=\"https:\/\/www.o-s-s.org\/es\/news-nuevo-capitulo-de-las-clases-del-profesor-justo-isasi-2\/\" \/>\n<meta property=\"og:site_name\" content=\"Office for Strategic Spaces\" \/>\n<meta property=\"article:publisher\" content=\"https:\/\/www.facebook.com\/StrategicSpaces\/\" \/>\n<meta property=\"article:published_time\" content=\"2020-04-02T10:08:00+00:00\" \/>\n<meta property=\"article:modified_time\" content=\"2021-07-06T11:38:19+00:00\" \/>\n<meta property=\"og:image\" content=\"https:\/\/www.o-s-s.org\/wp-content\/uploads\/2021\/03\/Justo_Isasi_3.png\" \/>\n\t<meta property=\"og:image:width\" content=\"1401\" \/>\n\t<meta property=\"og:image:height\" content=\"878\" \/>\n\t<meta property=\"og:image:type\" content=\"image\/png\" \/>\n<meta name=\"author\" content=\"OSS\" \/>\n<meta name=\"twitter:card\" content=\"summary_large_image\" \/>\n<meta name=\"twitter:label1\" content=\"Escrito por\" \/>\n\t<meta name=\"twitter:data1\" content=\"OSS\" \/>\n\t<meta name=\"twitter:label2\" content=\"Tiempo de lectura\" \/>\n\t<meta name=\"twitter:data2\" content=\"1 minuto\" \/>\n<script type=\"application\/ld+json\" class=\"yoast-schema-graph\">{\"@context\":\"https:\\\/\\\/schema.org\",\"@graph\":[{\"@type\":\"Article\",\"@id\":\"https:\\\/\\\/www.o-s-s.org\\\/es\\\/news-nuevo-capitulo-de-las-clases-del-profesor-justo-isasi-2\\\/#article\",\"isPartOf\":{\"@id\":\"https:\\\/\\\/www.o-s-s.org\\\/es\\\/news-nuevo-capitulo-de-las-clases-del-profesor-justo-isasi-2\\\/\"},\"author\":{\"name\":\"OSS\",\"@id\":\"https:\\\/\\\/www.o-s-s.org\\\/#\\\/schema\\\/person\\\/2a785beaa4d05af5b373cd96132c3ce3\"},\"headline\":\"News: nuevo cap\u00edtulo de las clases del Profesor Justo Isasi\",\"datePublished\":\"2020-04-02T10:08:00+00:00\",\"dateModified\":\"2021-07-06T11:38:19+00:00\",\"mainEntityOfPage\":{\"@id\":\"https:\\\/\\\/www.o-s-s.org\\\/es\\\/news-nuevo-capitulo-de-las-clases-del-profesor-justo-isasi-2\\\/\"},\"wordCount\":131,\"publisher\":{\"@id\":\"https:\\\/\\\/www.o-s-s.org\\\/#organization\"},\"image\":{\"@id\":\"https:\\\/\\\/www.o-s-s.org\\\/es\\\/news-nuevo-capitulo-de-las-clases-del-profesor-justo-isasi-2\\\/#primaryimage\"},\"thumbnailUrl\":\"https:\\\/\\\/www.o-s-s.org\\\/wp-content\\\/uploads\\\/2021\\\/03\\\/Justo_Isasi_3.png\",\"keywords\":[\"Angel Borrego Cubero\",\"arquitectura\",\"clases de arquitectura\",\"dibujo de arquitectura\",\"ETSAM\",\"Justo Isasi\"],\"articleSection\":[\"Sin categorizar\"],\"inLanguage\":\"es\"},{\"@type\":\"WebPage\",\"@id\":\"https:\\\/\\\/www.o-s-s.org\\\/es\\\/news-nuevo-capitulo-de-las-clases-del-profesor-justo-isasi-2\\\/\",\"url\":\"https:\\\/\\\/www.o-s-s.org\\\/es\\\/news-nuevo-capitulo-de-las-clases-del-profesor-justo-isasi-2\\\/\",\"name\":\"News: nuevo cap\u00edtulo de las clases del Profesor Justo Isasi - Office for Strategic Spaces\",\"isPartOf\":{\"@id\":\"https:\\\/\\\/www.o-s-s.org\\\/#website\"},\"primaryImageOfPage\":{\"@id\":\"https:\\\/\\\/www.o-s-s.org\\\/es\\\/news-nuevo-capitulo-de-las-clases-del-profesor-justo-isasi-2\\\/#primaryimage\"},\"image\":{\"@id\":\"https:\\\/\\\/www.o-s-s.org\\\/es\\\/news-nuevo-capitulo-de-las-clases-del-profesor-justo-isasi-2\\\/#primaryimage\"},\"thumbnailUrl\":\"https:\\\/\\\/www.o-s-s.org\\\/wp-content\\\/uploads\\\/2021\\\/03\\\/Justo_Isasi_3.png\",\"datePublished\":\"2020-04-02T10:08:00+00:00\",\"dateModified\":\"2021-07-06T11:38:19+00:00\",\"breadcrumb\":{\"@id\":\"https:\\\/\\\/www.o-s-s.org\\\/es\\\/news-nuevo-capitulo-de-las-clases-del-profesor-justo-isasi-2\\\/#breadcrumb\"},\"inLanguage\":\"es\",\"potentialAction\":[{\"@type\":\"ReadAction\",\"target\":[\"https:\\\/\\\/www.o-s-s.org\\\/es\\\/news-nuevo-capitulo-de-las-clases-del-profesor-justo-isasi-2\\\/\"]}]},{\"@type\":\"ImageObject\",\"inLanguage\":\"es\",\"@id\":\"https:\\\/\\\/www.o-s-s.org\\\/es\\\/news-nuevo-capitulo-de-las-clases-del-profesor-justo-isasi-2\\\/#primaryimage\",\"url\":\"https:\\\/\\\/www.o-s-s.org\\\/wp-content\\\/uploads\\\/2021\\\/03\\\/Justo_Isasi_3.png\",\"contentUrl\":\"https:\\\/\\\/www.o-s-s.org\\\/wp-content\\\/uploads\\\/2021\\\/03\\\/Justo_Isasi_3.png\",\"width\":1401,\"height\":878,\"caption\":\"Lecture by Prof Justo Isasi\"},{\"@type\":\"BreadcrumbList\",\"@id\":\"https:\\\/\\\/www.o-s-s.org\\\/es\\\/news-nuevo-capitulo-de-las-clases-del-profesor-justo-isasi-2\\\/#breadcrumb\",\"itemListElement\":[{\"@type\":\"ListItem\",\"position\":1,\"name\":\"Portada\",\"item\":\"https:\\\/\\\/www.o-s-s.org\\\/es\\\/\"},{\"@type\":\"ListItem\",\"position\":2,\"name\":\"News: nuevo cap\u00edtulo de las clases del Profesor Justo Isasi\"}]},{\"@type\":\"WebSite\",\"@id\":\"https:\\\/\\\/www.o-s-s.org\\\/#website\",\"url\":\"https:\\\/\\\/www.o-s-s.org\\\/\",\"name\":\"OSS Office for Strategic Spaces\",\"description\":\"Office for Strategic Spaces  I Arquitectura, Dise\u00f1o  &amp; Investigaci\u00f3n Urbana\",\"publisher\":{\"@id\":\"https:\\\/\\\/www.o-s-s.org\\\/#organization\"},\"potentialAction\":[{\"@type\":\"SearchAction\",\"target\":{\"@type\":\"EntryPoint\",\"urlTemplate\":\"https:\\\/\\\/www.o-s-s.org\\\/?s={search_term_string}\"},\"query-input\":{\"@type\":\"PropertyValueSpecification\",\"valueRequired\":true,\"valueName\":\"search_term_string\"}}],\"inLanguage\":\"es\"},{\"@type\":\"Organization\",\"@id\":\"https:\\\/\\\/www.o-s-s.org\\\/#organization\",\"name\":\"OSS Office for Strategic Spaces\",\"url\":\"https:\\\/\\\/www.o-s-s.org\\\/\",\"logo\":{\"@type\":\"ImageObject\",\"inLanguage\":\"es\",\"@id\":\"https:\\\/\\\/www.o-s-s.org\\\/#\\\/schema\\\/logo\\\/image\\\/\",\"url\":\"https:\\\/\\\/www.o-s-s.org\\\/wp-content\\\/uploads\\\/2017\\\/09\\\/logo-negro.png\",\"contentUrl\":\"https:\\\/\\\/www.o-s-s.org\\\/wp-content\\\/uploads\\\/2017\\\/09\\\/logo-negro.png\",\"width\":764,\"height\":48,\"caption\":\"OSS Office for Strategic Spaces\"},\"image\":{\"@id\":\"https:\\\/\\\/www.o-s-s.org\\\/#\\\/schema\\\/logo\\\/image\\\/\"},\"sameAs\":[\"https:\\\/\\\/www.facebook.com\\\/StrategicSpaces\\\/\",\"https:\\\/\\\/www.instagram.com\\\/officeforstrategicspaces\\\/\",\"https:\\\/\\\/www.youtube.com\\\/user\\\/strategicspaces\\\/\"]},{\"@type\":\"Person\",\"@id\":\"https:\\\/\\\/www.o-s-s.org\\\/#\\\/schema\\\/person\\\/2a785beaa4d05af5b373cd96132c3ce3\",\"name\":\"OSS\",\"image\":{\"@type\":\"ImageObject\",\"inLanguage\":\"es\",\"@id\":\"https:\\\/\\\/secure.gravatar.com\\\/avatar\\\/6cd13c1e3f298d06fdc2886bb60113957663534d195d8b90ef9408d0d520ff23?s=96&d=mm&r=g\",\"url\":\"https:\\\/\\\/secure.gravatar.com\\\/avatar\\\/6cd13c1e3f298d06fdc2886bb60113957663534d195d8b90ef9408d0d520ff23?s=96&d=mm&r=g\",\"contentUrl\":\"https:\\\/\\\/secure.gravatar.com\\\/avatar\\\/6cd13c1e3f298d06fdc2886bb60113957663534d195d8b90ef9408d0d520ff23?s=96&d=mm&r=g\",\"caption\":\"OSS\"},\"url\":\"https:\\\/\\\/www.o-s-s.org\\\/es\\\/author\\\/simonarota\\\/\"}]}<\/script>\n<!-- \/ Yoast SEO plugin. -->","yoast_head_json":{"title":"News: nuevo cap\u00edtulo de las clases del Profesor Justo Isasi - Office for Strategic Spaces","robots":{"index":"index","follow":"follow","max-snippet":"max-snippet:-1","max-image-preview":"max-image-preview:large","max-video-preview":"max-video-preview:-1"},"canonical":"https:\/\/www.o-s-s.org\/es\/news-nuevo-capitulo-de-las-clases-del-profesor-justo-isasi-2\/","og_locale":"es_ES","og_type":"article","og_title":"News: nuevo cap\u00edtulo de las clases del Profesor Justo Isasi - Office for Strategic Spaces","og_description":"El confinamiento tiene que tener algo positivo: Hemos podido acabar de editar y traducir a ingl\u00e9s un cap\u00edtulo m\u00e1s de la serie dedicada a las clases del Profesor Justo Isasi. \u00abHistor\u00edas a rayas\u00bb es la tercera lecci\u00f3n dibujada de las seis que el profesor Justo Isasi dio en la primavera de 2016 en la ETSAM [&hellip;]","og_url":"https:\/\/www.o-s-s.org\/es\/news-nuevo-capitulo-de-las-clases-del-profesor-justo-isasi-2\/","og_site_name":"Office for Strategic Spaces","article_publisher":"https:\/\/www.facebook.com\/StrategicSpaces\/","article_published_time":"2020-04-02T10:08:00+00:00","article_modified_time":"2021-07-06T11:38:19+00:00","og_image":[{"width":1401,"height":878,"url":"https:\/\/www.o-s-s.org\/wp-content\/uploads\/2021\/03\/Justo_Isasi_3.png","type":"image\/png"}],"author":"OSS","twitter_card":"summary_large_image","twitter_misc":{"Escrito por":"OSS","Tiempo de lectura":"1 minuto"},"schema":{"@context":"https:\/\/schema.org","@graph":[{"@type":"Article","@id":"https:\/\/www.o-s-s.org\/es\/news-nuevo-capitulo-de-las-clases-del-profesor-justo-isasi-2\/#article","isPartOf":{"@id":"https:\/\/www.o-s-s.org\/es\/news-nuevo-capitulo-de-las-clases-del-profesor-justo-isasi-2\/"},"author":{"name":"OSS","@id":"https:\/\/www.o-s-s.org\/#\/schema\/person\/2a785beaa4d05af5b373cd96132c3ce3"},"headline":"News: nuevo cap\u00edtulo de las clases del Profesor Justo Isasi","datePublished":"2020-04-02T10:08:00+00:00","dateModified":"2021-07-06T11:38:19+00:00","mainEntityOfPage":{"@id":"https:\/\/www.o-s-s.org\/es\/news-nuevo-capitulo-de-las-clases-del-profesor-justo-isasi-2\/"},"wordCount":131,"publisher":{"@id":"https:\/\/www.o-s-s.org\/#organization"},"image":{"@id":"https:\/\/www.o-s-s.org\/es\/news-nuevo-capitulo-de-las-clases-del-profesor-justo-isasi-2\/#primaryimage"},"thumbnailUrl":"https:\/\/www.o-s-s.org\/wp-content\/uploads\/2021\/03\/Justo_Isasi_3.png","keywords":["Angel Borrego Cubero","arquitectura","clases de arquitectura","dibujo de arquitectura","ETSAM","Justo Isasi"],"articleSection":["Sin categorizar"],"inLanguage":"es"},{"@type":"WebPage","@id":"https:\/\/www.o-s-s.org\/es\/news-nuevo-capitulo-de-las-clases-del-profesor-justo-isasi-2\/","url":"https:\/\/www.o-s-s.org\/es\/news-nuevo-capitulo-de-las-clases-del-profesor-justo-isasi-2\/","name":"News: nuevo cap\u00edtulo de las clases del Profesor Justo Isasi - Office for Strategic Spaces","isPartOf":{"@id":"https:\/\/www.o-s-s.org\/#website"},"primaryImageOfPage":{"@id":"https:\/\/www.o-s-s.org\/es\/news-nuevo-capitulo-de-las-clases-del-profesor-justo-isasi-2\/#primaryimage"},"image":{"@id":"https:\/\/www.o-s-s.org\/es\/news-nuevo-capitulo-de-las-clases-del-profesor-justo-isasi-2\/#primaryimage"},"thumbnailUrl":"https:\/\/www.o-s-s.org\/wp-content\/uploads\/2021\/03\/Justo_Isasi_3.png","datePublished":"2020-04-02T10:08:00+00:00","dateModified":"2021-07-06T11:38:19+00:00","breadcrumb":{"@id":"https:\/\/www.o-s-s.org\/es\/news-nuevo-capitulo-de-las-clases-del-profesor-justo-isasi-2\/#breadcrumb"},"inLanguage":"es","potentialAction":[{"@type":"ReadAction","target":["https:\/\/www.o-s-s.org\/es\/news-nuevo-capitulo-de-las-clases-del-profesor-justo-isasi-2\/"]}]},{"@type":"ImageObject","inLanguage":"es","@id":"https:\/\/www.o-s-s.org\/es\/news-nuevo-capitulo-de-las-clases-del-profesor-justo-isasi-2\/#primaryimage","url":"https:\/\/www.o-s-s.org\/wp-content\/uploads\/2021\/03\/Justo_Isasi_3.png","contentUrl":"https:\/\/www.o-s-s.org\/wp-content\/uploads\/2021\/03\/Justo_Isasi_3.png","width":1401,"height":878,"caption":"Lecture by Prof Justo Isasi"},{"@type":"BreadcrumbList","@id":"https:\/\/www.o-s-s.org\/es\/news-nuevo-capitulo-de-las-clases-del-profesor-justo-isasi-2\/#breadcrumb","itemListElement":[{"@type":"ListItem","position":1,"name":"Portada","item":"https:\/\/www.o-s-s.org\/es\/"},{"@type":"ListItem","position":2,"name":"News: nuevo cap\u00edtulo de las clases del Profesor Justo Isasi"}]},{"@type":"WebSite","@id":"https:\/\/www.o-s-s.org\/#website","url":"https:\/\/www.o-s-s.org\/","name":"OSS Office for Strategic Spaces","description":"Office for Strategic Spaces  I Arquitectura, Dise\u00f1o  &amp; Investigaci\u00f3n Urbana","publisher":{"@id":"https:\/\/www.o-s-s.org\/#organization"},"potentialAction":[{"@type":"SearchAction","target":{"@type":"EntryPoint","urlTemplate":"https:\/\/www.o-s-s.org\/?s={search_term_string}"},"query-input":{"@type":"PropertyValueSpecification","valueRequired":true,"valueName":"search_term_string"}}],"inLanguage":"es"},{"@type":"Organization","@id":"https:\/\/www.o-s-s.org\/#organization","name":"OSS Office for Strategic Spaces","url":"https:\/\/www.o-s-s.org\/","logo":{"@type":"ImageObject","inLanguage":"es","@id":"https:\/\/www.o-s-s.org\/#\/schema\/logo\/image\/","url":"https:\/\/www.o-s-s.org\/wp-content\/uploads\/2017\/09\/logo-negro.png","contentUrl":"https:\/\/www.o-s-s.org\/wp-content\/uploads\/2017\/09\/logo-negro.png","width":764,"height":48,"caption":"OSS Office for Strategic Spaces"},"image":{"@id":"https:\/\/www.o-s-s.org\/#\/schema\/logo\/image\/"},"sameAs":["https:\/\/www.facebook.com\/StrategicSpaces\/","https:\/\/www.instagram.com\/officeforstrategicspaces\/","https:\/\/www.youtube.com\/user\/strategicspaces\/"]},{"@type":"Person","@id":"https:\/\/www.o-s-s.org\/#\/schema\/person\/2a785beaa4d05af5b373cd96132c3ce3","name":"OSS","image":{"@type":"ImageObject","inLanguage":"es","@id":"https:\/\/secure.gravatar.com\/avatar\/6cd13c1e3f298d06fdc2886bb60113957663534d195d8b90ef9408d0d520ff23?s=96&d=mm&r=g","url":"https:\/\/secure.gravatar.com\/avatar\/6cd13c1e3f298d06fdc2886bb60113957663534d195d8b90ef9408d0d520ff23?s=96&d=mm&r=g","contentUrl":"https:\/\/secure.gravatar.com\/avatar\/6cd13c1e3f298d06fdc2886bb60113957663534d195d8b90ef9408d0d520ff23?s=96&d=mm&r=g","caption":"OSS"},"url":"https:\/\/www.o-s-s.org\/es\/author\/simonarota\/"}]}},"_links":{"self":[{"href":"https:\/\/www.o-s-s.org\/es\/wp-json\/wp\/v2\/posts\/2948","targetHints":{"allow":["GET"]}}],"collection":[{"href":"https:\/\/www.o-s-s.org\/es\/wp-json\/wp\/v2\/posts"}],"about":[{"href":"https:\/\/www.o-s-s.org\/es\/wp-json\/wp\/v2\/types\/post"}],"author":[{"embeddable":true,"href":"https:\/\/www.o-s-s.org\/es\/wp-json\/wp\/v2\/users\/2"}],"replies":[{"embeddable":true,"href":"https:\/\/www.o-s-s.org\/es\/wp-json\/wp\/v2\/comments?post=2948"}],"version-history":[{"count":0,"href":"https:\/\/www.o-s-s.org\/es\/wp-json\/wp\/v2\/posts\/2948\/revisions"}],"wp:featuredmedia":[{"embeddable":true,"href":"https:\/\/www.o-s-s.org\/es\/wp-json\/wp\/v2\/media\/2925"}],"wp:attachment":[{"href":"https:\/\/www.o-s-s.org\/es\/wp-json\/wp\/v2\/media?parent=2948"}],"wp:term":[{"taxonomy":"category","embeddable":true,"href":"https:\/\/www.o-s-s.org\/es\/wp-json\/wp\/v2\/categories?post=2948"},{"taxonomy":"post_tag","embeddable":true,"href":"https:\/\/www.o-s-s.org\/es\/wp-json\/wp\/v2\/tags?post=2948"}],"curies":[{"name":"wp","href":"https:\/\/api.w.org\/{rel}","templated":true}]}}