{"id":3256,"date":"2022-05-16T10:44:38","date_gmt":"2022-05-16T09:44:38","guid":{"rendered":"https:\/\/www.o-s-s.org\/?p=3256"},"modified":"2024-07-02T12:35:11","modified_gmt":"2024-07-02T11:35:11","slug":"news-monocle-habla-con-angel-borrego-cubero-sobre-la-rehabilitacion-de-la-la-carboneria","status":"publish","type":"post","link":"https:\/\/www.o-s-s.org\/es\/news-monocle-habla-con-angel-borrego-cubero-sobre-la-rehabilitacion-de-la-la-carboneria\/","title":{"rendered":"Monocle habla con \u00c1ngel Borrego Cubero sobre la rehabilitaci\u00f3n de la Carboneria"},"content":{"rendered":"<p>Estamos contentos de poder compartir algo de la historia fascinante del edificio La Carboneria y del proyecto para su rehabilitaci\u00f3n, tal y como lo cuenta <a href=\"https:\/\/www.linkedin.com\/in\/angelborregocubero\/\">\u00c1ngel Borrego Cubero<\/a> en conversaci\u00f3n con David Stevens, en el programa <a href=\"https:\/\/monocle.com\/radio\/shows\/the-urbanist\/tall-stories-307\/play\/?fbclid=IwAR1QHw4eDllIjVwZUg_iNB1Juzk7pY3tR0Ewi3ooIxDgC5gMHIE6oPLXt2o\">The Urbanist<\/a> de <a href=\"https:\/\/monocle.com\/radio\/\">MONOCLE<\/a>.<\/p>\n","protected":false},"excerpt":{"rendered":"<p>Estamos contentos de poder compartir algo de la historia fascinante del edificio La Carboneria y del proyecto para su rehabilitaci\u00f3n, tal y como lo cuenta \u00c1ngel Borrego Cubero en conversaci\u00f3n con David Stevens, en el programa The Urbanist de MONOCLE.<\/p>\n","protected":false},"author":2,"featured_media":3257,"comment_status":"closed","ping_status":"closed","sticky":false,"template":"","format":"standard","meta":{"_acf_changed":false,"footnotes":""},"categories":[11],"tags":[9,10,367,434,435,437,436],"class_list":["post-3256","post","type-post","status-publish","format-standard","has-post-thumbnail","hentry","category-noticias","tag-angel-borrego","tag-angel-borrego-cubero","tag-barcelona","tag-la-carboneria","tag-monocle","tag-tall-stories","tag-the-urbanist"],"acf":[],"yoast_head":"<!-- This site is optimized with the Yoast SEO plugin v27.4 - https:\/\/yoast.com\/product\/yoast-seo-wordpress\/ -->\n<title>Monocle habla con \u00c1ngel Borrego Cubero sobre la rehabilitaci\u00f3n de la Carboneria - Office for Strategic Spaces<\/title>\n<meta name=\"description\" content=\"Monocle habla con \u00c1ngel Borrego Cubero sobre la rehabilitaci\u00f3n de La Carboneria, el primer edificio del Eixample en Barcelona\" \/>\n<meta name=\"robots\" content=\"index, follow, max-snippet:-1, max-image-preview:large, max-video-preview:-1\" \/>\n<link rel=\"canonical\" href=\"https:\/\/www.o-s-s.org\/es\/news-monocle-habla-con-angel-borrego-cubero-sobre-la-rehabilitacion-de-la-la-carboneria\/\" \/>\n<meta property=\"og:locale\" content=\"es_ES\" \/>\n<meta property=\"og:type\" content=\"article\" \/>\n<meta property=\"og:title\" content=\"Monocle habla con \u00c1ngel Borrego Cubero sobre la rehabilitaci\u00f3n de la Carboneria - Office for Strategic Spaces\" \/>\n<meta property=\"og:description\" content=\"Monocle habla con \u00c1ngel Borrego Cubero sobre la rehabilitaci\u00f3n de La Carboneria, el primer edificio del Eixample en Barcelona\" \/>\n<meta property=\"og:url\" content=\"https:\/\/www.o-s-s.org\/es\/news-monocle-habla-con-angel-borrego-cubero-sobre-la-rehabilitacion-de-la-la-carboneria\/\" \/>\n<meta property=\"og:site_name\" content=\"Office for Strategic Spaces\" \/>\n<meta property=\"article:publisher\" content=\"https:\/\/www.facebook.com\/StrategicSpaces\/\" \/>\n<meta property=\"article:published_time\" content=\"2022-05-16T09:44:38+00:00\" \/>\n<meta property=\"article:modified_time\" content=\"2024-07-02T11:35:11+00:00\" \/>\n<meta property=\"og:image\" content=\"https:\/\/www.o-s-s.org\/wp-content\/uploads\/2022\/08\/2022_05_16_Monocle_Radio_LaCarbo.jpg\" \/>\n\t<meta property=\"og:image:width\" content=\"1154\" \/>\n\t<meta property=\"og:image:height\" content=\"687\" \/>\n\t<meta property=\"og:image:type\" content=\"image\/jpeg\" \/>\n<meta name=\"author\" content=\"OSS\" \/>\n<meta name=\"twitter:card\" content=\"summary_large_image\" \/>\n<meta name=\"twitter:label1\" content=\"Escrito por\" \/>\n\t<meta name=\"twitter:data1\" content=\"OSS\" \/>\n\t<meta name=\"twitter:label2\" content=\"Tiempo de lectura\" \/>\n\t<meta name=\"twitter:data2\" content=\"1 minuto\" \/>\n<script type=\"application\/ld+json\" class=\"yoast-schema-graph\">{\"@context\":\"https:\\\/\\\/schema.org\",\"@graph\":[{\"@type\":\"Article\",\"@id\":\"https:\\\/\\\/www.o-s-s.org\\\/es\\\/news-monocle-habla-con-angel-borrego-cubero-sobre-la-rehabilitacion-de-la-la-carboneria\\\/#article\",\"isPartOf\":{\"@id\":\"https:\\\/\\\/www.o-s-s.org\\\/es\\\/news-monocle-habla-con-angel-borrego-cubero-sobre-la-rehabilitacion-de-la-la-carboneria\\\/\"},\"author\":{\"name\":\"OSS\",\"@id\":\"https:\\\/\\\/www.o-s-s.org\\\/#\\\/schema\\\/person\\\/2a785beaa4d05af5b373cd96132c3ce3\"},\"headline\":\"Monocle habla con \u00c1ngel Borrego Cubero sobre la rehabilitaci\u00f3n de la Carboneria\",\"datePublished\":\"2022-05-16T09:44:38+00:00\",\"dateModified\":\"2024-07-02T11:35:11+00:00\",\"mainEntityOfPage\":{\"@id\":\"https:\\\/\\\/www.o-s-s.org\\\/es\\\/news-monocle-habla-con-angel-borrego-cubero-sobre-la-rehabilitacion-de-la-la-carboneria\\\/\"},\"wordCount\":55,\"publisher\":{\"@id\":\"https:\\\/\\\/www.o-s-s.org\\\/#organization\"},\"image\":{\"@id\":\"https:\\\/\\\/www.o-s-s.org\\\/es\\\/news-monocle-habla-con-angel-borrego-cubero-sobre-la-rehabilitacion-de-la-la-carboneria\\\/#primaryimage\"},\"thumbnailUrl\":\"https:\\\/\\\/www.o-s-s.org\\\/wp-content\\\/uploads\\\/2022\\\/08\\\/2022_05_16_Monocle_Radio_LaCarbo.jpg\",\"keywords\":[\"Angel Borrego\",\"Angel Borrego Cubero\",\"Barcelona\",\"La Carboneria\",\"Monocle\",\"Tall Stories\",\"The Urbanist\"],\"articleSection\":[\"Noticias\"],\"inLanguage\":\"es\"},{\"@type\":\"WebPage\",\"@id\":\"https:\\\/\\\/www.o-s-s.org\\\/es\\\/news-monocle-habla-con-angel-borrego-cubero-sobre-la-rehabilitacion-de-la-la-carboneria\\\/\",\"url\":\"https:\\\/\\\/www.o-s-s.org\\\/es\\\/news-monocle-habla-con-angel-borrego-cubero-sobre-la-rehabilitacion-de-la-la-carboneria\\\/\",\"name\":\"Monocle habla con \u00c1ngel Borrego Cubero sobre la rehabilitaci\u00f3n de la Carboneria - Office for Strategic Spaces\",\"isPartOf\":{\"@id\":\"https:\\\/\\\/www.o-s-s.org\\\/#website\"},\"primaryImageOfPage\":{\"@id\":\"https:\\\/\\\/www.o-s-s.org\\\/es\\\/news-monocle-habla-con-angel-borrego-cubero-sobre-la-rehabilitacion-de-la-la-carboneria\\\/#primaryimage\"},\"image\":{\"@id\":\"https:\\\/\\\/www.o-s-s.org\\\/es\\\/news-monocle-habla-con-angel-borrego-cubero-sobre-la-rehabilitacion-de-la-la-carboneria\\\/#primaryimage\"},\"thumbnailUrl\":\"https:\\\/\\\/www.o-s-s.org\\\/wp-content\\\/uploads\\\/2022\\\/08\\\/2022_05_16_Monocle_Radio_LaCarbo.jpg\",\"datePublished\":\"2022-05-16T09:44:38+00:00\",\"dateModified\":\"2024-07-02T11:35:11+00:00\",\"description\":\"Monocle habla con \u00c1ngel Borrego Cubero sobre la rehabilitaci\u00f3n de La Carboneria, el primer edificio del Eixample en Barcelona\",\"breadcrumb\":{\"@id\":\"https:\\\/\\\/www.o-s-s.org\\\/es\\\/news-monocle-habla-con-angel-borrego-cubero-sobre-la-rehabilitacion-de-la-la-carboneria\\\/#breadcrumb\"},\"inLanguage\":\"es\",\"potentialAction\":[{\"@type\":\"ReadAction\",\"target\":[\"https:\\\/\\\/www.o-s-s.org\\\/es\\\/news-monocle-habla-con-angel-borrego-cubero-sobre-la-rehabilitacion-de-la-la-carboneria\\\/\"]}]},{\"@type\":\"ImageObject\",\"inLanguage\":\"es\",\"@id\":\"https:\\\/\\\/www.o-s-s.org\\\/es\\\/news-monocle-habla-con-angel-borrego-cubero-sobre-la-rehabilitacion-de-la-la-carboneria\\\/#primaryimage\",\"url\":\"https:\\\/\\\/www.o-s-s.org\\\/wp-content\\\/uploads\\\/2022\\\/08\\\/2022_05_16_Monocle_Radio_LaCarbo.jpg\",\"contentUrl\":\"https:\\\/\\\/www.o-s-s.org\\\/wp-content\\\/uploads\\\/2022\\\/08\\\/2022_05_16_Monocle_Radio_LaCarbo.jpg\",\"width\":1154,\"height\":687,\"caption\":\"La Carboneria_Tall Stories_MONOCLE\"},{\"@type\":\"BreadcrumbList\",\"@id\":\"https:\\\/\\\/www.o-s-s.org\\\/es\\\/news-monocle-habla-con-angel-borrego-cubero-sobre-la-rehabilitacion-de-la-la-carboneria\\\/#breadcrumb\",\"itemListElement\":[{\"@type\":\"ListItem\",\"position\":1,\"name\":\"Portada\",\"item\":\"https:\\\/\\\/www.o-s-s.org\\\/es\\\/\"},{\"@type\":\"ListItem\",\"position\":2,\"name\":\"Monocle habla con \u00c1ngel Borrego Cubero sobre la rehabilitaci\u00f3n de la Carboneria\"}]},{\"@type\":\"WebSite\",\"@id\":\"https:\\\/\\\/www.o-s-s.org\\\/#website\",\"url\":\"https:\\\/\\\/www.o-s-s.org\\\/\",\"name\":\"OSS Office for Strategic Spaces\",\"description\":\"Office for Strategic Spaces  I Arquitectura, Dise\u00f1o  &amp; Investigaci\u00f3n Urbana\",\"publisher\":{\"@id\":\"https:\\\/\\\/www.o-s-s.org\\\/#organization\"},\"potentialAction\":[{\"@type\":\"SearchAction\",\"target\":{\"@type\":\"EntryPoint\",\"urlTemplate\":\"https:\\\/\\\/www.o-s-s.org\\\/?s={search_term_string}\"},\"query-input\":{\"@type\":\"PropertyValueSpecification\",\"valueRequired\":true,\"valueName\":\"search_term_string\"}}],\"inLanguage\":\"es\"},{\"@type\":\"Organization\",\"@id\":\"https:\\\/\\\/www.o-s-s.org\\\/#organization\",\"name\":\"OSS Office for Strategic Spaces\",\"url\":\"https:\\\/\\\/www.o-s-s.org\\\/\",\"logo\":{\"@type\":\"ImageObject\",\"inLanguage\":\"es\",\"@id\":\"https:\\\/\\\/www.o-s-s.org\\\/#\\\/schema\\\/logo\\\/image\\\/\",\"url\":\"https:\\\/\\\/www.o-s-s.org\\\/wp-content\\\/uploads\\\/2017\\\/09\\\/logo-negro.png\",\"contentUrl\":\"https:\\\/\\\/www.o-s-s.org\\\/wp-content\\\/uploads\\\/2017\\\/09\\\/logo-negro.png\",\"width\":764,\"height\":48,\"caption\":\"OSS Office for Strategic Spaces\"},\"image\":{\"@id\":\"https:\\\/\\\/www.o-s-s.org\\\/#\\\/schema\\\/logo\\\/image\\\/\"},\"sameAs\":[\"https:\\\/\\\/www.facebook.com\\\/StrategicSpaces\\\/\",\"https:\\\/\\\/www.instagram.com\\\/officeforstrategicspaces\\\/\",\"https:\\\/\\\/www.youtube.com\\\/user\\\/strategicspaces\\\/\"]},{\"@type\":\"Person\",\"@id\":\"https:\\\/\\\/www.o-s-s.org\\\/#\\\/schema\\\/person\\\/2a785beaa4d05af5b373cd96132c3ce3\",\"name\":\"OSS\",\"image\":{\"@type\":\"ImageObject\",\"inLanguage\":\"es\",\"@id\":\"https:\\\/\\\/secure.gravatar.com\\\/avatar\\\/6cd13c1e3f298d06fdc2886bb60113957663534d195d8b90ef9408d0d520ff23?s=96&d=mm&r=g\",\"url\":\"https:\\\/\\\/secure.gravatar.com\\\/avatar\\\/6cd13c1e3f298d06fdc2886bb60113957663534d195d8b90ef9408d0d520ff23?s=96&d=mm&r=g\",\"contentUrl\":\"https:\\\/\\\/secure.gravatar.com\\\/avatar\\\/6cd13c1e3f298d06fdc2886bb60113957663534d195d8b90ef9408d0d520ff23?s=96&d=mm&r=g\",\"caption\":\"OSS\"},\"url\":\"https:\\\/\\\/www.o-s-s.org\\\/es\\\/author\\\/simonarota\\\/\"}]}<\/script>\n<!-- \/ Yoast SEO plugin. -->","yoast_head_json":{"title":"Monocle habla con \u00c1ngel Borrego Cubero sobre la rehabilitaci\u00f3n de la Carboneria - Office for Strategic Spaces","description":"Monocle habla con \u00c1ngel Borrego Cubero sobre la rehabilitaci\u00f3n de La Carboneria, el primer edificio del Eixample en Barcelona","robots":{"index":"index","follow":"follow","max-snippet":"max-snippet:-1","max-image-preview":"max-image-preview:large","max-video-preview":"max-video-preview:-1"},"canonical":"https:\/\/www.o-s-s.org\/es\/news-monocle-habla-con-angel-borrego-cubero-sobre-la-rehabilitacion-de-la-la-carboneria\/","og_locale":"es_ES","og_type":"article","og_title":"Monocle habla con \u00c1ngel Borrego Cubero sobre la rehabilitaci\u00f3n de la Carboneria - Office for Strategic Spaces","og_description":"Monocle habla con \u00c1ngel Borrego Cubero sobre la rehabilitaci\u00f3n de La Carboneria, el primer edificio del Eixample en Barcelona","og_url":"https:\/\/www.o-s-s.org\/es\/news-monocle-habla-con-angel-borrego-cubero-sobre-la-rehabilitacion-de-la-la-carboneria\/","og_site_name":"Office for Strategic Spaces","article_publisher":"https:\/\/www.facebook.com\/StrategicSpaces\/","article_published_time":"2022-05-16T09:44:38+00:00","article_modified_time":"2024-07-02T11:35:11+00:00","og_image":[{"width":1154,"height":687,"url":"https:\/\/www.o-s-s.org\/wp-content\/uploads\/2022\/08\/2022_05_16_Monocle_Radio_LaCarbo.jpg","type":"image\/jpeg"}],"author":"OSS","twitter_card":"summary_large_image","twitter_misc":{"Escrito por":"OSS","Tiempo de lectura":"1 minuto"},"schema":{"@context":"https:\/\/schema.org","@graph":[{"@type":"Article","@id":"https:\/\/www.o-s-s.org\/es\/news-monocle-habla-con-angel-borrego-cubero-sobre-la-rehabilitacion-de-la-la-carboneria\/#article","isPartOf":{"@id":"https:\/\/www.o-s-s.org\/es\/news-monocle-habla-con-angel-borrego-cubero-sobre-la-rehabilitacion-de-la-la-carboneria\/"},"author":{"name":"OSS","@id":"https:\/\/www.o-s-s.org\/#\/schema\/person\/2a785beaa4d05af5b373cd96132c3ce3"},"headline":"Monocle habla con \u00c1ngel Borrego Cubero sobre la rehabilitaci\u00f3n de la Carboneria","datePublished":"2022-05-16T09:44:38+00:00","dateModified":"2024-07-02T11:35:11+00:00","mainEntityOfPage":{"@id":"https:\/\/www.o-s-s.org\/es\/news-monocle-habla-con-angel-borrego-cubero-sobre-la-rehabilitacion-de-la-la-carboneria\/"},"wordCount":55,"publisher":{"@id":"https:\/\/www.o-s-s.org\/#organization"},"image":{"@id":"https:\/\/www.o-s-s.org\/es\/news-monocle-habla-con-angel-borrego-cubero-sobre-la-rehabilitacion-de-la-la-carboneria\/#primaryimage"},"thumbnailUrl":"https:\/\/www.o-s-s.org\/wp-content\/uploads\/2022\/08\/2022_05_16_Monocle_Radio_LaCarbo.jpg","keywords":["Angel Borrego","Angel Borrego Cubero","Barcelona","La Carboneria","Monocle","Tall Stories","The Urbanist"],"articleSection":["Noticias"],"inLanguage":"es"},{"@type":"WebPage","@id":"https:\/\/www.o-s-s.org\/es\/news-monocle-habla-con-angel-borrego-cubero-sobre-la-rehabilitacion-de-la-la-carboneria\/","url":"https:\/\/www.o-s-s.org\/es\/news-monocle-habla-con-angel-borrego-cubero-sobre-la-rehabilitacion-de-la-la-carboneria\/","name":"Monocle habla con \u00c1ngel Borrego Cubero sobre la rehabilitaci\u00f3n de la Carboneria - Office for Strategic Spaces","isPartOf":{"@id":"https:\/\/www.o-s-s.org\/#website"},"primaryImageOfPage":{"@id":"https:\/\/www.o-s-s.org\/es\/news-monocle-habla-con-angel-borrego-cubero-sobre-la-rehabilitacion-de-la-la-carboneria\/#primaryimage"},"image":{"@id":"https:\/\/www.o-s-s.org\/es\/news-monocle-habla-con-angel-borrego-cubero-sobre-la-rehabilitacion-de-la-la-carboneria\/#primaryimage"},"thumbnailUrl":"https:\/\/www.o-s-s.org\/wp-content\/uploads\/2022\/08\/2022_05_16_Monocle_Radio_LaCarbo.jpg","datePublished":"2022-05-16T09:44:38+00:00","dateModified":"2024-07-02T11:35:11+00:00","description":"Monocle habla con \u00c1ngel Borrego Cubero sobre la rehabilitaci\u00f3n de La Carboneria, el primer edificio del Eixample en Barcelona","breadcrumb":{"@id":"https:\/\/www.o-s-s.org\/es\/news-monocle-habla-con-angel-borrego-cubero-sobre-la-rehabilitacion-de-la-la-carboneria\/#breadcrumb"},"inLanguage":"es","potentialAction":[{"@type":"ReadAction","target":["https:\/\/www.o-s-s.org\/es\/news-monocle-habla-con-angel-borrego-cubero-sobre-la-rehabilitacion-de-la-la-carboneria\/"]}]},{"@type":"ImageObject","inLanguage":"es","@id":"https:\/\/www.o-s-s.org\/es\/news-monocle-habla-con-angel-borrego-cubero-sobre-la-rehabilitacion-de-la-la-carboneria\/#primaryimage","url":"https:\/\/www.o-s-s.org\/wp-content\/uploads\/2022\/08\/2022_05_16_Monocle_Radio_LaCarbo.jpg","contentUrl":"https:\/\/www.o-s-s.org\/wp-content\/uploads\/2022\/08\/2022_05_16_Monocle_Radio_LaCarbo.jpg","width":1154,"height":687,"caption":"La Carboneria_Tall Stories_MONOCLE"},{"@type":"BreadcrumbList","@id":"https:\/\/www.o-s-s.org\/es\/news-monocle-habla-con-angel-borrego-cubero-sobre-la-rehabilitacion-de-la-la-carboneria\/#breadcrumb","itemListElement":[{"@type":"ListItem","position":1,"name":"Portada","item":"https:\/\/www.o-s-s.org\/es\/"},{"@type":"ListItem","position":2,"name":"Monocle habla con \u00c1ngel Borrego Cubero sobre la rehabilitaci\u00f3n de la Carboneria"}]},{"@type":"WebSite","@id":"https:\/\/www.o-s-s.org\/#website","url":"https:\/\/www.o-s-s.org\/","name":"OSS Office for Strategic Spaces","description":"Office for Strategic Spaces  I Arquitectura, Dise\u00f1o  &amp; Investigaci\u00f3n Urbana","publisher":{"@id":"https:\/\/www.o-s-s.org\/#organization"},"potentialAction":[{"@type":"SearchAction","target":{"@type":"EntryPoint","urlTemplate":"https:\/\/www.o-s-s.org\/?s={search_term_string}"},"query-input":{"@type":"PropertyValueSpecification","valueRequired":true,"valueName":"search_term_string"}}],"inLanguage":"es"},{"@type":"Organization","@id":"https:\/\/www.o-s-s.org\/#organization","name":"OSS Office for Strategic Spaces","url":"https:\/\/www.o-s-s.org\/","logo":{"@type":"ImageObject","inLanguage":"es","@id":"https:\/\/www.o-s-s.org\/#\/schema\/logo\/image\/","url":"https:\/\/www.o-s-s.org\/wp-content\/uploads\/2017\/09\/logo-negro.png","contentUrl":"https:\/\/www.o-s-s.org\/wp-content\/uploads\/2017\/09\/logo-negro.png","width":764,"height":48,"caption":"OSS Office for Strategic Spaces"},"image":{"@id":"https:\/\/www.o-s-s.org\/#\/schema\/logo\/image\/"},"sameAs":["https:\/\/www.facebook.com\/StrategicSpaces\/","https:\/\/www.instagram.com\/officeforstrategicspaces\/","https:\/\/www.youtube.com\/user\/strategicspaces\/"]},{"@type":"Person","@id":"https:\/\/www.o-s-s.org\/#\/schema\/person\/2a785beaa4d05af5b373cd96132c3ce3","name":"OSS","image":{"@type":"ImageObject","inLanguage":"es","@id":"https:\/\/secure.gravatar.com\/avatar\/6cd13c1e3f298d06fdc2886bb60113957663534d195d8b90ef9408d0d520ff23?s=96&d=mm&r=g","url":"https:\/\/secure.gravatar.com\/avatar\/6cd13c1e3f298d06fdc2886bb60113957663534d195d8b90ef9408d0d520ff23?s=96&d=mm&r=g","contentUrl":"https:\/\/secure.gravatar.com\/avatar\/6cd13c1e3f298d06fdc2886bb60113957663534d195d8b90ef9408d0d520ff23?s=96&d=mm&r=g","caption":"OSS"},"url":"https:\/\/www.o-s-s.org\/es\/author\/simonarota\/"}]}},"_links":{"self":[{"href":"https:\/\/www.o-s-s.org\/es\/wp-json\/wp\/v2\/posts\/3256","targetHints":{"allow":["GET"]}}],"collection":[{"href":"https:\/\/www.o-s-s.org\/es\/wp-json\/wp\/v2\/posts"}],"about":[{"href":"https:\/\/www.o-s-s.org\/es\/wp-json\/wp\/v2\/types\/post"}],"author":[{"embeddable":true,"href":"https:\/\/www.o-s-s.org\/es\/wp-json\/wp\/v2\/users\/2"}],"replies":[{"embeddable":true,"href":"https:\/\/www.o-s-s.org\/es\/wp-json\/wp\/v2\/comments?post=3256"}],"version-history":[{"count":2,"href":"https:\/\/www.o-s-s.org\/es\/wp-json\/wp\/v2\/posts\/3256\/revisions"}],"predecessor-version":[{"id":4187,"href":"https:\/\/www.o-s-s.org\/es\/wp-json\/wp\/v2\/posts\/3256\/revisions\/4187"}],"wp:featuredmedia":[{"embeddable":true,"href":"https:\/\/www.o-s-s.org\/es\/wp-json\/wp\/v2\/media\/3257"}],"wp:attachment":[{"href":"https:\/\/www.o-s-s.org\/es\/wp-json\/wp\/v2\/media?parent=3256"}],"wp:term":[{"taxonomy":"category","embeddable":true,"href":"https:\/\/www.o-s-s.org\/es\/wp-json\/wp\/v2\/categories?post=3256"},{"taxonomy":"post_tag","embeddable":true,"href":"https:\/\/www.o-s-s.org\/es\/wp-json\/wp\/v2\/tags?post=3256"}],"curies":[{"name":"wp","href":"https:\/\/api.w.org\/{rel}","templated":true}]}}