{"id":3287,"date":"2022-11-24T19:57:43","date_gmt":"2022-11-24T18:57:43","guid":{"rendered":"https:\/\/www.o-s-s.org\/?p=3287"},"modified":"2024-07-02T12:34:41","modified_gmt":"2024-07-02T11:34:41","slug":"news-conferencia-en-xvi-foro-sobre-comercio-urbano-de-vitoria","status":"publish","type":"post","link":"https:\/\/www.o-s-s.org\/es\/news-conferencia-en-xvi-foro-sobre-comercio-urbano-de-vitoria\/","title":{"rendered":"Conferencia en el XVI Foro sobre Comercio Urbano de Vitoria"},"content":{"rendered":"<p>Angel Borrego Cubero ha contribuido con una ponencia en el congreso URBAN COMMERCE 2022 &#8211; XVI Foro sobre Comercio Urbano, organizado por el <a class=\"x1i10hfl xjbqb8w x6umtig x1b1mbwd xaqea5y xav7gou x9f619 x1ypdohk xt0psk2 xe8uvvx xdj266r x11i5rnm xat24cr x1mh8g0r xexx8yu x4uap5 x18d9i69 xkhd6sd x16tdsg8 x1hl2dhg xggy1nq x1a2a7pz xt0b8zv x1qq9wsj xo1l8bm\" tabindex=\"0\" role=\"link\" href=\"https:\/\/www.vitoria-gasteiz.org\/wb021\/was\/contenidoAction.do?uid=u7f34e378_1833a33e58f__7f96&amp;idioma=es&amp;lang=es&amp;locale=es\"><span class=\"xt0psk2\">Ayuntamiento de Vitoria-Gasteizko Udala<\/span><\/a>. Ha\u00a0Compartido debate sobre \u201cEl comercio de proximidad en las nuevas din\u00e1micas urbanas\u201d con Llu\u00eds Frago Clols, Profesor del Departamento de Geograf\u00eda de la Universidad de Barcelona y Pilar Zorrilla Calvo, Profesora de la Universidad del Pa\u00eds Vasco, \u00c1rea de Comercializaci\u00f3n e Investigaci\u00f3n de Mercados, quien ha moderado la mesa.<\/p>\n","protected":false},"excerpt":{"rendered":"<p>Angel Borrego Cubero ha contribuido con una ponencia en el congreso URBAN COMMERCE 2022 &#8211; XVI Foro sobre Comercio Urbano, organizado por el Ayuntamiento de Vitoria-Gasteizko Udala. Ha\u00a0Compartido debate sobre \u201cEl comercio de proximidad en las nuevas din\u00e1micas urbanas\u201d con Llu\u00eds Frago Clols, Profesor del Departamento de Geograf\u00eda de la Universidad de Barcelona y Pilar [&hellip;]<\/p>\n","protected":false},"author":2,"featured_media":3288,"comment_status":"closed","ping_status":"closed","sticky":false,"template":"","format":"standard","meta":{"_acf_changed":false,"footnotes":""},"categories":[11],"tags":[9,10,455,454,456,452,453],"class_list":["post-3287","post","type-post","status-publish","format-standard","has-post-thumbnail","hentry","category-noticias","tag-angel-borrego","tag-angel-borrego-cubero","tag-arquitecto","tag-comercio-urbano","tag-congreso","tag-urban-commerce-2022","tag-vitoria"],"acf":[],"yoast_head":"<!-- This site is optimized with the Yoast SEO plugin v27.4 - https:\/\/yoast.com\/product\/yoast-seo-wordpress\/ -->\n<title>Conferencia en el XVI Foro sobre Comercio Urbano de Vitoria - Office for Strategic Spaces<\/title>\n<meta name=\"robots\" content=\"index, follow, max-snippet:-1, max-image-preview:large, max-video-preview:-1\" \/>\n<link rel=\"canonical\" href=\"https:\/\/www.o-s-s.org\/es\/news-conferencia-en-xvi-foro-sobre-comercio-urbano-de-vitoria\/\" \/>\n<meta property=\"og:locale\" content=\"es_ES\" \/>\n<meta property=\"og:type\" content=\"article\" \/>\n<meta property=\"og:title\" content=\"Conferencia en el XVI Foro sobre Comercio Urbano de Vitoria - Office for Strategic Spaces\" \/>\n<meta property=\"og:description\" content=\"Angel Borrego Cubero ha contribuido con una ponencia en el congreso URBAN COMMERCE 2022 &#8211; XVI Foro sobre Comercio Urbano, organizado por el Ayuntamiento de Vitoria-Gasteizko Udala. Ha\u00a0Compartido debate sobre \u201cEl comercio de proximidad en las nuevas din\u00e1micas urbanas\u201d con Llu\u00eds Frago Clols, Profesor del Departamento de Geograf\u00eda de la Universidad de Barcelona y Pilar [&hellip;]\" \/>\n<meta property=\"og:url\" content=\"https:\/\/www.o-s-s.org\/es\/news-conferencia-en-xvi-foro-sobre-comercio-urbano-de-vitoria\/\" \/>\n<meta property=\"og:site_name\" content=\"Office for Strategic Spaces\" \/>\n<meta property=\"article:publisher\" content=\"https:\/\/www.facebook.com\/StrategicSpaces\/\" \/>\n<meta property=\"article:published_time\" content=\"2022-11-24T18:57:43+00:00\" \/>\n<meta property=\"article:modified_time\" content=\"2024-07-02T11:34:41+00:00\" \/>\n<meta property=\"og:image\" content=\"https:\/\/www.o-s-s.org\/wp-content\/uploads\/2022\/11\/Angel-Borrego_en_Urban-Commerce-2022_Vitoria\u00a9Ayto-Vitoria-1024x657.png\" \/>\n\t<meta property=\"og:image:width\" content=\"1024\" \/>\n\t<meta property=\"og:image:height\" content=\"657\" \/>\n\t<meta property=\"og:image:type\" content=\"image\/png\" \/>\n<meta name=\"author\" content=\"OSS\" \/>\n<meta name=\"twitter:card\" content=\"summary_large_image\" \/>\n<meta name=\"twitter:label1\" content=\"Escrito por\" \/>\n\t<meta name=\"twitter:data1\" content=\"OSS\" \/>\n\t<meta name=\"twitter:label2\" content=\"Tiempo de lectura\" \/>\n\t<meta name=\"twitter:data2\" content=\"1 minuto\" \/>\n<script type=\"application\/ld+json\" class=\"yoast-schema-graph\">{\"@context\":\"https:\\\/\\\/schema.org\",\"@graph\":[{\"@type\":\"Article\",\"@id\":\"https:\\\/\\\/www.o-s-s.org\\\/es\\\/news-conferencia-en-xvi-foro-sobre-comercio-urbano-de-vitoria\\\/#article\",\"isPartOf\":{\"@id\":\"https:\\\/\\\/www.o-s-s.org\\\/es\\\/news-conferencia-en-xvi-foro-sobre-comercio-urbano-de-vitoria\\\/\"},\"author\":{\"name\":\"OSS\",\"@id\":\"https:\\\/\\\/www.o-s-s.org\\\/#\\\/schema\\\/person\\\/2a785beaa4d05af5b373cd96132c3ce3\"},\"headline\":\"Conferencia en el XVI Foro sobre Comercio Urbano de Vitoria\",\"datePublished\":\"2022-11-24T18:57:43+00:00\",\"dateModified\":\"2024-07-02T11:34:41+00:00\",\"mainEntityOfPage\":{\"@id\":\"https:\\\/\\\/www.o-s-s.org\\\/es\\\/news-conferencia-en-xvi-foro-sobre-comercio-urbano-de-vitoria\\\/\"},\"wordCount\":92,\"publisher\":{\"@id\":\"https:\\\/\\\/www.o-s-s.org\\\/#organization\"},\"image\":{\"@id\":\"https:\\\/\\\/www.o-s-s.org\\\/es\\\/news-conferencia-en-xvi-foro-sobre-comercio-urbano-de-vitoria\\\/#primaryimage\"},\"thumbnailUrl\":\"https:\\\/\\\/www.o-s-s.org\\\/wp-content\\\/uploads\\\/2022\\\/11\\\/Angel-Borrego_en_Urban-Commerce-2022_Vitoria\u00a9Ayto-Vitoria.png\",\"keywords\":[\"Angel Borrego\",\"Angel Borrego Cubero\",\"arquitecto\",\"Comercio Urbano\",\"congreso\",\"Urban Commerce 2022\",\"Vitoria\"],\"articleSection\":[\"Noticias\"],\"inLanguage\":\"es\"},{\"@type\":\"WebPage\",\"@id\":\"https:\\\/\\\/www.o-s-s.org\\\/es\\\/news-conferencia-en-xvi-foro-sobre-comercio-urbano-de-vitoria\\\/\",\"url\":\"https:\\\/\\\/www.o-s-s.org\\\/es\\\/news-conferencia-en-xvi-foro-sobre-comercio-urbano-de-vitoria\\\/\",\"name\":\"Conferencia en el XVI Foro sobre Comercio Urbano de Vitoria - Office for Strategic Spaces\",\"isPartOf\":{\"@id\":\"https:\\\/\\\/www.o-s-s.org\\\/#website\"},\"primaryImageOfPage\":{\"@id\":\"https:\\\/\\\/www.o-s-s.org\\\/es\\\/news-conferencia-en-xvi-foro-sobre-comercio-urbano-de-vitoria\\\/#primaryimage\"},\"image\":{\"@id\":\"https:\\\/\\\/www.o-s-s.org\\\/es\\\/news-conferencia-en-xvi-foro-sobre-comercio-urbano-de-vitoria\\\/#primaryimage\"},\"thumbnailUrl\":\"https:\\\/\\\/www.o-s-s.org\\\/wp-content\\\/uploads\\\/2022\\\/11\\\/Angel-Borrego_en_Urban-Commerce-2022_Vitoria\u00a9Ayto-Vitoria.png\",\"datePublished\":\"2022-11-24T18:57:43+00:00\",\"dateModified\":\"2024-07-02T11:34:41+00:00\",\"breadcrumb\":{\"@id\":\"https:\\\/\\\/www.o-s-s.org\\\/es\\\/news-conferencia-en-xvi-foro-sobre-comercio-urbano-de-vitoria\\\/#breadcrumb\"},\"inLanguage\":\"es\",\"potentialAction\":[{\"@type\":\"ReadAction\",\"target\":[\"https:\\\/\\\/www.o-s-s.org\\\/es\\\/news-conferencia-en-xvi-foro-sobre-comercio-urbano-de-vitoria\\\/\"]}]},{\"@type\":\"ImageObject\",\"inLanguage\":\"es\",\"@id\":\"https:\\\/\\\/www.o-s-s.org\\\/es\\\/news-conferencia-en-xvi-foro-sobre-comercio-urbano-de-vitoria\\\/#primaryimage\",\"url\":\"https:\\\/\\\/www.o-s-s.org\\\/wp-content\\\/uploads\\\/2022\\\/11\\\/Angel-Borrego_en_Urban-Commerce-2022_Vitoria\u00a9Ayto-Vitoria.png\",\"contentUrl\":\"https:\\\/\\\/www.o-s-s.org\\\/wp-content\\\/uploads\\\/2022\\\/11\\\/Angel-Borrego_en_Urban-Commerce-2022_Vitoria\u00a9Ayto-Vitoria.png\",\"width\":2408,\"height\":1546},{\"@type\":\"BreadcrumbList\",\"@id\":\"https:\\\/\\\/www.o-s-s.org\\\/es\\\/news-conferencia-en-xvi-foro-sobre-comercio-urbano-de-vitoria\\\/#breadcrumb\",\"itemListElement\":[{\"@type\":\"ListItem\",\"position\":1,\"name\":\"Portada\",\"item\":\"https:\\\/\\\/www.o-s-s.org\\\/es\\\/\"},{\"@type\":\"ListItem\",\"position\":2,\"name\":\"Conferencia en el XVI Foro sobre Comercio Urbano de Vitoria\"}]},{\"@type\":\"WebSite\",\"@id\":\"https:\\\/\\\/www.o-s-s.org\\\/#website\",\"url\":\"https:\\\/\\\/www.o-s-s.org\\\/\",\"name\":\"OSS Office for Strategic Spaces\",\"description\":\"Office for Strategic Spaces  I Arquitectura, Dise\u00f1o  &amp; Investigaci\u00f3n Urbana\",\"publisher\":{\"@id\":\"https:\\\/\\\/www.o-s-s.org\\\/#organization\"},\"potentialAction\":[{\"@type\":\"SearchAction\",\"target\":{\"@type\":\"EntryPoint\",\"urlTemplate\":\"https:\\\/\\\/www.o-s-s.org\\\/?s={search_term_string}\"},\"query-input\":{\"@type\":\"PropertyValueSpecification\",\"valueRequired\":true,\"valueName\":\"search_term_string\"}}],\"inLanguage\":\"es\"},{\"@type\":\"Organization\",\"@id\":\"https:\\\/\\\/www.o-s-s.org\\\/#organization\",\"name\":\"OSS Office for Strategic Spaces\",\"url\":\"https:\\\/\\\/www.o-s-s.org\\\/\",\"logo\":{\"@type\":\"ImageObject\",\"inLanguage\":\"es\",\"@id\":\"https:\\\/\\\/www.o-s-s.org\\\/#\\\/schema\\\/logo\\\/image\\\/\",\"url\":\"https:\\\/\\\/www.o-s-s.org\\\/wp-content\\\/uploads\\\/2017\\\/09\\\/logo-negro.png\",\"contentUrl\":\"https:\\\/\\\/www.o-s-s.org\\\/wp-content\\\/uploads\\\/2017\\\/09\\\/logo-negro.png\",\"width\":764,\"height\":48,\"caption\":\"OSS Office for Strategic Spaces\"},\"image\":{\"@id\":\"https:\\\/\\\/www.o-s-s.org\\\/#\\\/schema\\\/logo\\\/image\\\/\"},\"sameAs\":[\"https:\\\/\\\/www.facebook.com\\\/StrategicSpaces\\\/\",\"https:\\\/\\\/www.instagram.com\\\/officeforstrategicspaces\\\/\",\"https:\\\/\\\/www.youtube.com\\\/user\\\/strategicspaces\\\/\"]},{\"@type\":\"Person\",\"@id\":\"https:\\\/\\\/www.o-s-s.org\\\/#\\\/schema\\\/person\\\/2a785beaa4d05af5b373cd96132c3ce3\",\"name\":\"OSS\",\"image\":{\"@type\":\"ImageObject\",\"inLanguage\":\"es\",\"@id\":\"https:\\\/\\\/secure.gravatar.com\\\/avatar\\\/6cd13c1e3f298d06fdc2886bb60113957663534d195d8b90ef9408d0d520ff23?s=96&d=mm&r=g\",\"url\":\"https:\\\/\\\/secure.gravatar.com\\\/avatar\\\/6cd13c1e3f298d06fdc2886bb60113957663534d195d8b90ef9408d0d520ff23?s=96&d=mm&r=g\",\"contentUrl\":\"https:\\\/\\\/secure.gravatar.com\\\/avatar\\\/6cd13c1e3f298d06fdc2886bb60113957663534d195d8b90ef9408d0d520ff23?s=96&d=mm&r=g\",\"caption\":\"OSS\"},\"url\":\"https:\\\/\\\/www.o-s-s.org\\\/es\\\/author\\\/simonarota\\\/\"}]}<\/script>\n<!-- \/ Yoast SEO plugin. -->","yoast_head_json":{"title":"Conferencia en el XVI Foro sobre Comercio Urbano de Vitoria - Office for Strategic Spaces","robots":{"index":"index","follow":"follow","max-snippet":"max-snippet:-1","max-image-preview":"max-image-preview:large","max-video-preview":"max-video-preview:-1"},"canonical":"https:\/\/www.o-s-s.org\/es\/news-conferencia-en-xvi-foro-sobre-comercio-urbano-de-vitoria\/","og_locale":"es_ES","og_type":"article","og_title":"Conferencia en el XVI Foro sobre Comercio Urbano de Vitoria - Office for Strategic Spaces","og_description":"Angel Borrego Cubero ha contribuido con una ponencia en el congreso URBAN COMMERCE 2022 &#8211; XVI Foro sobre Comercio Urbano, organizado por el Ayuntamiento de Vitoria-Gasteizko Udala. Ha\u00a0Compartido debate sobre \u201cEl comercio de proximidad en las nuevas din\u00e1micas urbanas\u201d con Llu\u00eds Frago Clols, Profesor del Departamento de Geograf\u00eda de la Universidad de Barcelona y Pilar [&hellip;]","og_url":"https:\/\/www.o-s-s.org\/es\/news-conferencia-en-xvi-foro-sobre-comercio-urbano-de-vitoria\/","og_site_name":"Office for Strategic Spaces","article_publisher":"https:\/\/www.facebook.com\/StrategicSpaces\/","article_published_time":"2022-11-24T18:57:43+00:00","article_modified_time":"2024-07-02T11:34:41+00:00","og_image":[{"width":1024,"height":657,"url":"https:\/\/www.o-s-s.org\/wp-content\/uploads\/2022\/11\/Angel-Borrego_en_Urban-Commerce-2022_Vitoria\u00a9Ayto-Vitoria-1024x657.png","type":"image\/png"}],"author":"OSS","twitter_card":"summary_large_image","twitter_misc":{"Escrito por":"OSS","Tiempo de lectura":"1 minuto"},"schema":{"@context":"https:\/\/schema.org","@graph":[{"@type":"Article","@id":"https:\/\/www.o-s-s.org\/es\/news-conferencia-en-xvi-foro-sobre-comercio-urbano-de-vitoria\/#article","isPartOf":{"@id":"https:\/\/www.o-s-s.org\/es\/news-conferencia-en-xvi-foro-sobre-comercio-urbano-de-vitoria\/"},"author":{"name":"OSS","@id":"https:\/\/www.o-s-s.org\/#\/schema\/person\/2a785beaa4d05af5b373cd96132c3ce3"},"headline":"Conferencia en el XVI Foro sobre Comercio Urbano de Vitoria","datePublished":"2022-11-24T18:57:43+00:00","dateModified":"2024-07-02T11:34:41+00:00","mainEntityOfPage":{"@id":"https:\/\/www.o-s-s.org\/es\/news-conferencia-en-xvi-foro-sobre-comercio-urbano-de-vitoria\/"},"wordCount":92,"publisher":{"@id":"https:\/\/www.o-s-s.org\/#organization"},"image":{"@id":"https:\/\/www.o-s-s.org\/es\/news-conferencia-en-xvi-foro-sobre-comercio-urbano-de-vitoria\/#primaryimage"},"thumbnailUrl":"https:\/\/www.o-s-s.org\/wp-content\/uploads\/2022\/11\/Angel-Borrego_en_Urban-Commerce-2022_Vitoria\u00a9Ayto-Vitoria.png","keywords":["Angel Borrego","Angel Borrego Cubero","arquitecto","Comercio Urbano","congreso","Urban Commerce 2022","Vitoria"],"articleSection":["Noticias"],"inLanguage":"es"},{"@type":"WebPage","@id":"https:\/\/www.o-s-s.org\/es\/news-conferencia-en-xvi-foro-sobre-comercio-urbano-de-vitoria\/","url":"https:\/\/www.o-s-s.org\/es\/news-conferencia-en-xvi-foro-sobre-comercio-urbano-de-vitoria\/","name":"Conferencia en el XVI Foro sobre Comercio Urbano de Vitoria - Office for Strategic Spaces","isPartOf":{"@id":"https:\/\/www.o-s-s.org\/#website"},"primaryImageOfPage":{"@id":"https:\/\/www.o-s-s.org\/es\/news-conferencia-en-xvi-foro-sobre-comercio-urbano-de-vitoria\/#primaryimage"},"image":{"@id":"https:\/\/www.o-s-s.org\/es\/news-conferencia-en-xvi-foro-sobre-comercio-urbano-de-vitoria\/#primaryimage"},"thumbnailUrl":"https:\/\/www.o-s-s.org\/wp-content\/uploads\/2022\/11\/Angel-Borrego_en_Urban-Commerce-2022_Vitoria\u00a9Ayto-Vitoria.png","datePublished":"2022-11-24T18:57:43+00:00","dateModified":"2024-07-02T11:34:41+00:00","breadcrumb":{"@id":"https:\/\/www.o-s-s.org\/es\/news-conferencia-en-xvi-foro-sobre-comercio-urbano-de-vitoria\/#breadcrumb"},"inLanguage":"es","potentialAction":[{"@type":"ReadAction","target":["https:\/\/www.o-s-s.org\/es\/news-conferencia-en-xvi-foro-sobre-comercio-urbano-de-vitoria\/"]}]},{"@type":"ImageObject","inLanguage":"es","@id":"https:\/\/www.o-s-s.org\/es\/news-conferencia-en-xvi-foro-sobre-comercio-urbano-de-vitoria\/#primaryimage","url":"https:\/\/www.o-s-s.org\/wp-content\/uploads\/2022\/11\/Angel-Borrego_en_Urban-Commerce-2022_Vitoria\u00a9Ayto-Vitoria.png","contentUrl":"https:\/\/www.o-s-s.org\/wp-content\/uploads\/2022\/11\/Angel-Borrego_en_Urban-Commerce-2022_Vitoria\u00a9Ayto-Vitoria.png","width":2408,"height":1546},{"@type":"BreadcrumbList","@id":"https:\/\/www.o-s-s.org\/es\/news-conferencia-en-xvi-foro-sobre-comercio-urbano-de-vitoria\/#breadcrumb","itemListElement":[{"@type":"ListItem","position":1,"name":"Portada","item":"https:\/\/www.o-s-s.org\/es\/"},{"@type":"ListItem","position":2,"name":"Conferencia en el XVI Foro sobre Comercio Urbano de Vitoria"}]},{"@type":"WebSite","@id":"https:\/\/www.o-s-s.org\/#website","url":"https:\/\/www.o-s-s.org\/","name":"OSS Office for Strategic Spaces","description":"Office for Strategic Spaces  I Arquitectura, Dise\u00f1o  &amp; Investigaci\u00f3n Urbana","publisher":{"@id":"https:\/\/www.o-s-s.org\/#organization"},"potentialAction":[{"@type":"SearchAction","target":{"@type":"EntryPoint","urlTemplate":"https:\/\/www.o-s-s.org\/?s={search_term_string}"},"query-input":{"@type":"PropertyValueSpecification","valueRequired":true,"valueName":"search_term_string"}}],"inLanguage":"es"},{"@type":"Organization","@id":"https:\/\/www.o-s-s.org\/#organization","name":"OSS Office for Strategic Spaces","url":"https:\/\/www.o-s-s.org\/","logo":{"@type":"ImageObject","inLanguage":"es","@id":"https:\/\/www.o-s-s.org\/#\/schema\/logo\/image\/","url":"https:\/\/www.o-s-s.org\/wp-content\/uploads\/2017\/09\/logo-negro.png","contentUrl":"https:\/\/www.o-s-s.org\/wp-content\/uploads\/2017\/09\/logo-negro.png","width":764,"height":48,"caption":"OSS Office for Strategic Spaces"},"image":{"@id":"https:\/\/www.o-s-s.org\/#\/schema\/logo\/image\/"},"sameAs":["https:\/\/www.facebook.com\/StrategicSpaces\/","https:\/\/www.instagram.com\/officeforstrategicspaces\/","https:\/\/www.youtube.com\/user\/strategicspaces\/"]},{"@type":"Person","@id":"https:\/\/www.o-s-s.org\/#\/schema\/person\/2a785beaa4d05af5b373cd96132c3ce3","name":"OSS","image":{"@type":"ImageObject","inLanguage":"es","@id":"https:\/\/secure.gravatar.com\/avatar\/6cd13c1e3f298d06fdc2886bb60113957663534d195d8b90ef9408d0d520ff23?s=96&d=mm&r=g","url":"https:\/\/secure.gravatar.com\/avatar\/6cd13c1e3f298d06fdc2886bb60113957663534d195d8b90ef9408d0d520ff23?s=96&d=mm&r=g","contentUrl":"https:\/\/secure.gravatar.com\/avatar\/6cd13c1e3f298d06fdc2886bb60113957663534d195d8b90ef9408d0d520ff23?s=96&d=mm&r=g","caption":"OSS"},"url":"https:\/\/www.o-s-s.org\/es\/author\/simonarota\/"}]}},"_links":{"self":[{"href":"https:\/\/www.o-s-s.org\/es\/wp-json\/wp\/v2\/posts\/3287","targetHints":{"allow":["GET"]}}],"collection":[{"href":"https:\/\/www.o-s-s.org\/es\/wp-json\/wp\/v2\/posts"}],"about":[{"href":"https:\/\/www.o-s-s.org\/es\/wp-json\/wp\/v2\/types\/post"}],"author":[{"embeddable":true,"href":"https:\/\/www.o-s-s.org\/es\/wp-json\/wp\/v2\/users\/2"}],"replies":[{"embeddable":true,"href":"https:\/\/www.o-s-s.org\/es\/wp-json\/wp\/v2\/comments?post=3287"}],"version-history":[{"count":3,"href":"https:\/\/www.o-s-s.org\/es\/wp-json\/wp\/v2\/posts\/3287\/revisions"}],"predecessor-version":[{"id":4185,"href":"https:\/\/www.o-s-s.org\/es\/wp-json\/wp\/v2\/posts\/3287\/revisions\/4185"}],"wp:featuredmedia":[{"embeddable":true,"href":"https:\/\/www.o-s-s.org\/es\/wp-json\/wp\/v2\/media\/3288"}],"wp:attachment":[{"href":"https:\/\/www.o-s-s.org\/es\/wp-json\/wp\/v2\/media?parent=3287"}],"wp:term":[{"taxonomy":"category","embeddable":true,"href":"https:\/\/www.o-s-s.org\/es\/wp-json\/wp\/v2\/categories?post=3287"},{"taxonomy":"post_tag","embeddable":true,"href":"https:\/\/www.o-s-s.org\/es\/wp-json\/wp\/v2\/tags?post=3287"}],"curies":[{"name":"wp","href":"https:\/\/api.w.org\/{rel}","templated":true}]}}