{"id":3437,"date":"2023-02-21T08:48:00","date_gmt":"2023-02-21T07:48:00","guid":{"rendered":"https:\/\/www.o-s-s.org\/?p=3437"},"modified":"2024-07-02T12:34:25","modified_gmt":"2024-07-02T11:34:25","slug":"news-documental-para-la-biennale-architettura-di-venezia-2023","status":"publish","type":"post","link":"https:\/\/www.o-s-s.org\/es\/news-documental-para-la-biennale-architettura-di-venezia-2023\/","title":{"rendered":"Documental para La Biennale Architettura di Venezia 2023"},"content":{"rendered":"<p>El 21 de febrero de 2023 se ha anunciado <a href=\"https:\/\/www.labiennale.org\/en\/news\/biennale-architettura-2023-laboratory-future-0\">el programa de la 18\u00aa Exposici\u00f3n Internacional de Arquitectura de La Biennale di Venezia<\/a>. Es un honor y no poca responsabilidad para nuestro estudio asumir la tarea de <b>investigar y documentar los procesos creativos y de trabajo que tendr\u00e1n lugar en la que ser\u00e1 la primera edici\u00f3n de la Biennale College Architettura<\/b>. Les agradecemos a la comisaria Lesley Lokko y al presidente Roberto Cicutto habernos seleccionado para esta misi\u00f3n, que intentaremos llevar a cabo con honestidad y autenticidad.<\/p>\n<p><b>Por primera vez, la Biennale Architettura di Venezia incluir\u00e1 la Biennale College Architettura<\/b>, que tendr\u00e1 lugar del 25 de junio al 22 de julio de 2023. <b>Quince prestigiosos tutores internacionales<\/b>: Samia Henni, Marina Otero, Nana Biamah-Ofosu, Thireshen Govender, Lorenzo Romito, Jacopo Galli, Philippa Tumubweinee, Ngillan Gbadebo Faal, Rahesh Ram, Guillermo Fern\u00e1ndez-Abascal, Urtzi Grau, Samir Pandya, Alice Clancy, Sarah de Villiers y Manijeh Verghese &#8211; \u00a0trabajar\u00e1n durante las cuatro semanas de este programa con<b> cincuenta estudiantes, profesionales al inicio de su trayectoria y acad\u00e9micos de todo el mundo<\/b>, seleccionados por la comisaria Lesley Lokko a trav\u00e9s de una convocatoria abierta. Al cierre de la convocatoria, el 17 de febrero, se hab\u00edan recibido 986 candidaturas. Un elenco internacional de cr\u00edticos se unir\u00e1 al Colegio en julio.<\/p>\n<p><b>Un documental que seguir\u00e1 esta experiencia educativa ser\u00e1 dirigido por el arquitecto \u00c1ngel Borrego Cubero y estrenado este oto\u00f1o.<\/b><\/p>\n","protected":false},"excerpt":{"rendered":"<p>El 21 de febrero de 2023 se ha anunciado el programa de la 18\u00aa Exposici\u00f3n Internacional de Arquitectura de La Biennale di Venezia. Es un honor y no poca responsabilidad para nuestro estudio asumir la tarea de investigar y documentar los procesos creativos y de trabajo que tendr\u00e1n lugar en la que ser\u00e1 la primera [&hellip;]<\/p>\n","protected":false},"author":2,"featured_media":3315,"comment_status":"closed","ping_status":"closed","sticky":false,"template":"","format":"standard","meta":{"_acf_changed":false,"footnotes":""},"categories":[11,496],"tags":[9,10,500,472,501,475,476,12,31],"class_list":["post-3437","post","type-post","status-publish","format-standard","has-post-thumbnail","hentry","category-noticias","category-noticias-es","tag-angel-borrego","tag-angel-borrego-cubero","tag-architecture-biennale-di-venezia","tag-architecture-documentary-es","tag-bienal-de-arquitectura-de-venecia","tag-documental-arquitectura-es","tag-lesley-lokko-es","tag-office-for-strategic-spaces","tag-oss"],"acf":[],"yoast_head":"<!-- This site is optimized with the Yoast SEO plugin v27.4 - https:\/\/yoast.com\/product\/yoast-seo-wordpress\/ -->\n<title>Documental para La Biennale Architettura di Venezia 2023 - Office for Strategic Spaces<\/title>\n<meta name=\"robots\" content=\"index, follow, max-snippet:-1, max-image-preview:large, max-video-preview:-1\" \/>\n<link rel=\"canonical\" href=\"https:\/\/www.o-s-s.org\/es\/news-documental-para-la-biennale-architettura-di-venezia-2023\/\" \/>\n<meta property=\"og:locale\" content=\"es_ES\" \/>\n<meta property=\"og:type\" content=\"article\" \/>\n<meta property=\"og:title\" content=\"Documental para La Biennale Architettura di Venezia 2023 - Office for Strategic Spaces\" \/>\n<meta property=\"og:description\" content=\"El 21 de febrero de 2023 se ha anunciado el programa de la 18\u00aa Exposici\u00f3n Internacional de Arquitectura de La Biennale di Venezia. Es un honor y no poca responsabilidad para nuestro estudio asumir la tarea de investigar y documentar los procesos creativos y de trabajo que tendr\u00e1n lugar en la que ser\u00e1 la primera [&hellip;]\" \/>\n<meta property=\"og:url\" content=\"https:\/\/www.o-s-s.org\/es\/news-documental-para-la-biennale-architettura-di-venezia-2023\/\" \/>\n<meta property=\"og:site_name\" content=\"Office for Strategic Spaces\" \/>\n<meta property=\"article:publisher\" content=\"https:\/\/www.facebook.com\/StrategicSpaces\/\" \/>\n<meta property=\"article:published_time\" content=\"2023-02-21T07:48:00+00:00\" \/>\n<meta property=\"article:modified_time\" content=\"2024-07-02T11:34:25+00:00\" \/>\n<meta property=\"og:image\" content=\"https:\/\/www.o-s-s.org\/wp-content\/uploads\/2023\/02\/1.png\" \/>\n\t<meta property=\"og:image:width\" content=\"2826\" \/>\n\t<meta property=\"og:image:height\" content=\"1579\" \/>\n\t<meta property=\"og:image:type\" content=\"image\/png\" \/>\n<meta name=\"author\" content=\"OSS\" \/>\n<meta name=\"twitter:card\" content=\"summary_large_image\" \/>\n<meta name=\"twitter:label1\" content=\"Escrito por\" \/>\n\t<meta name=\"twitter:data1\" content=\"OSS\" \/>\n\t<meta name=\"twitter:label2\" content=\"Tiempo de lectura\" \/>\n\t<meta name=\"twitter:data2\" content=\"2 minutos\" \/>\n<script type=\"application\/ld+json\" class=\"yoast-schema-graph\">{\"@context\":\"https:\\\/\\\/schema.org\",\"@graph\":[{\"@type\":\"Article\",\"@id\":\"https:\\\/\\\/www.o-s-s.org\\\/es\\\/news-documental-para-la-biennale-architettura-di-venezia-2023\\\/#article\",\"isPartOf\":{\"@id\":\"https:\\\/\\\/www.o-s-s.org\\\/es\\\/news-documental-para-la-biennale-architettura-di-venezia-2023\\\/\"},\"author\":{\"name\":\"OSS\",\"@id\":\"https:\\\/\\\/www.o-s-s.org\\\/#\\\/schema\\\/person\\\/2a785beaa4d05af5b373cd96132c3ce3\"},\"headline\":\"Documental para La Biennale Architettura di Venezia 2023\",\"datePublished\":\"2023-02-21T07:48:00+00:00\",\"dateModified\":\"2024-07-02T11:34:25+00:00\",\"mainEntityOfPage\":{\"@id\":\"https:\\\/\\\/www.o-s-s.org\\\/es\\\/news-documental-para-la-biennale-architettura-di-venezia-2023\\\/\"},\"wordCount\":240,\"publisher\":{\"@id\":\"https:\\\/\\\/www.o-s-s.org\\\/#organization\"},\"image\":{\"@id\":\"https:\\\/\\\/www.o-s-s.org\\\/es\\\/news-documental-para-la-biennale-architettura-di-venezia-2023\\\/#primaryimage\"},\"thumbnailUrl\":\"https:\\\/\\\/www.o-s-s.org\\\/wp-content\\\/uploads\\\/2023\\\/02\\\/1.png\",\"keywords\":[\"Angel Borrego\",\"Angel Borrego Cubero\",\"Architecture Biennale di Venezia\",\"architecture documentary\",\"Bienal de Arquitectura de Venecia\",\"documental arquitectura\",\"Lesley Lokko\",\"Office for Strategic Spaces\",\"OSS\"],\"articleSection\":[\"Noticias\",\"Noticias Espa\u00f1ol\"],\"inLanguage\":\"es\"},{\"@type\":\"WebPage\",\"@id\":\"https:\\\/\\\/www.o-s-s.org\\\/es\\\/news-documental-para-la-biennale-architettura-di-venezia-2023\\\/\",\"url\":\"https:\\\/\\\/www.o-s-s.org\\\/es\\\/news-documental-para-la-biennale-architettura-di-venezia-2023\\\/\",\"name\":\"Documental para La Biennale Architettura di Venezia 2023 - Office for Strategic Spaces\",\"isPartOf\":{\"@id\":\"https:\\\/\\\/www.o-s-s.org\\\/#website\"},\"primaryImageOfPage\":{\"@id\":\"https:\\\/\\\/www.o-s-s.org\\\/es\\\/news-documental-para-la-biennale-architettura-di-venezia-2023\\\/#primaryimage\"},\"image\":{\"@id\":\"https:\\\/\\\/www.o-s-s.org\\\/es\\\/news-documental-para-la-biennale-architettura-di-venezia-2023\\\/#primaryimage\"},\"thumbnailUrl\":\"https:\\\/\\\/www.o-s-s.org\\\/wp-content\\\/uploads\\\/2023\\\/02\\\/1.png\",\"datePublished\":\"2023-02-21T07:48:00+00:00\",\"dateModified\":\"2024-07-02T11:34:25+00:00\",\"breadcrumb\":{\"@id\":\"https:\\\/\\\/www.o-s-s.org\\\/es\\\/news-documental-para-la-biennale-architettura-di-venezia-2023\\\/#breadcrumb\"},\"inLanguage\":\"es\",\"potentialAction\":[{\"@type\":\"ReadAction\",\"target\":[\"https:\\\/\\\/www.o-s-s.org\\\/es\\\/news-documental-para-la-biennale-architettura-di-venezia-2023\\\/\"]}]},{\"@type\":\"ImageObject\",\"inLanguage\":\"es\",\"@id\":\"https:\\\/\\\/www.o-s-s.org\\\/es\\\/news-documental-para-la-biennale-architettura-di-venezia-2023\\\/#primaryimage\",\"url\":\"https:\\\/\\\/www.o-s-s.org\\\/wp-content\\\/uploads\\\/2023\\\/02\\\/1.png\",\"contentUrl\":\"https:\\\/\\\/www.o-s-s.org\\\/wp-content\\\/uploads\\\/2023\\\/02\\\/1.png\",\"width\":2826,\"height\":1579,\"caption\":\"Presentation of La Biennale Architettura di Venezia 2023 on February 21, 2023\"},{\"@type\":\"BreadcrumbList\",\"@id\":\"https:\\\/\\\/www.o-s-s.org\\\/es\\\/news-documental-para-la-biennale-architettura-di-venezia-2023\\\/#breadcrumb\",\"itemListElement\":[{\"@type\":\"ListItem\",\"position\":1,\"name\":\"Portada\",\"item\":\"https:\\\/\\\/www.o-s-s.org\\\/es\\\/\"},{\"@type\":\"ListItem\",\"position\":2,\"name\":\"Documental para La Biennale Architettura di Venezia 2023\"}]},{\"@type\":\"WebSite\",\"@id\":\"https:\\\/\\\/www.o-s-s.org\\\/#website\",\"url\":\"https:\\\/\\\/www.o-s-s.org\\\/\",\"name\":\"OSS Office for Strategic Spaces\",\"description\":\"Office for Strategic Spaces  I Arquitectura, Dise\u00f1o  &amp; Investigaci\u00f3n Urbana\",\"publisher\":{\"@id\":\"https:\\\/\\\/www.o-s-s.org\\\/#organization\"},\"potentialAction\":[{\"@type\":\"SearchAction\",\"target\":{\"@type\":\"EntryPoint\",\"urlTemplate\":\"https:\\\/\\\/www.o-s-s.org\\\/?s={search_term_string}\"},\"query-input\":{\"@type\":\"PropertyValueSpecification\",\"valueRequired\":true,\"valueName\":\"search_term_string\"}}],\"inLanguage\":\"es\"},{\"@type\":\"Organization\",\"@id\":\"https:\\\/\\\/www.o-s-s.org\\\/#organization\",\"name\":\"OSS Office for Strategic Spaces\",\"url\":\"https:\\\/\\\/www.o-s-s.org\\\/\",\"logo\":{\"@type\":\"ImageObject\",\"inLanguage\":\"es\",\"@id\":\"https:\\\/\\\/www.o-s-s.org\\\/#\\\/schema\\\/logo\\\/image\\\/\",\"url\":\"https:\\\/\\\/www.o-s-s.org\\\/wp-content\\\/uploads\\\/2017\\\/09\\\/logo-negro.png\",\"contentUrl\":\"https:\\\/\\\/www.o-s-s.org\\\/wp-content\\\/uploads\\\/2017\\\/09\\\/logo-negro.png\",\"width\":764,\"height\":48,\"caption\":\"OSS Office for Strategic Spaces\"},\"image\":{\"@id\":\"https:\\\/\\\/www.o-s-s.org\\\/#\\\/schema\\\/logo\\\/image\\\/\"},\"sameAs\":[\"https:\\\/\\\/www.facebook.com\\\/StrategicSpaces\\\/\",\"https:\\\/\\\/www.instagram.com\\\/officeforstrategicspaces\\\/\",\"https:\\\/\\\/www.youtube.com\\\/user\\\/strategicspaces\\\/\"]},{\"@type\":\"Person\",\"@id\":\"https:\\\/\\\/www.o-s-s.org\\\/#\\\/schema\\\/person\\\/2a785beaa4d05af5b373cd96132c3ce3\",\"name\":\"OSS\",\"image\":{\"@type\":\"ImageObject\",\"inLanguage\":\"es\",\"@id\":\"https:\\\/\\\/secure.gravatar.com\\\/avatar\\\/6cd13c1e3f298d06fdc2886bb60113957663534d195d8b90ef9408d0d520ff23?s=96&d=mm&r=g\",\"url\":\"https:\\\/\\\/secure.gravatar.com\\\/avatar\\\/6cd13c1e3f298d06fdc2886bb60113957663534d195d8b90ef9408d0d520ff23?s=96&d=mm&r=g\",\"contentUrl\":\"https:\\\/\\\/secure.gravatar.com\\\/avatar\\\/6cd13c1e3f298d06fdc2886bb60113957663534d195d8b90ef9408d0d520ff23?s=96&d=mm&r=g\",\"caption\":\"OSS\"},\"url\":\"https:\\\/\\\/www.o-s-s.org\\\/es\\\/author\\\/simonarota\\\/\"}]}<\/script>\n<!-- \/ Yoast SEO plugin. -->","yoast_head_json":{"title":"Documental para La Biennale Architettura di Venezia 2023 - Office for Strategic Spaces","robots":{"index":"index","follow":"follow","max-snippet":"max-snippet:-1","max-image-preview":"max-image-preview:large","max-video-preview":"max-video-preview:-1"},"canonical":"https:\/\/www.o-s-s.org\/es\/news-documental-para-la-biennale-architettura-di-venezia-2023\/","og_locale":"es_ES","og_type":"article","og_title":"Documental para La Biennale Architettura di Venezia 2023 - Office for Strategic Spaces","og_description":"El 21 de febrero de 2023 se ha anunciado el programa de la 18\u00aa Exposici\u00f3n Internacional de Arquitectura de La Biennale di Venezia. Es un honor y no poca responsabilidad para nuestro estudio asumir la tarea de investigar y documentar los procesos creativos y de trabajo que tendr\u00e1n lugar en la que ser\u00e1 la primera [&hellip;]","og_url":"https:\/\/www.o-s-s.org\/es\/news-documental-para-la-biennale-architettura-di-venezia-2023\/","og_site_name":"Office for Strategic Spaces","article_publisher":"https:\/\/www.facebook.com\/StrategicSpaces\/","article_published_time":"2023-02-21T07:48:00+00:00","article_modified_time":"2024-07-02T11:34:25+00:00","og_image":[{"width":2826,"height":1579,"url":"https:\/\/www.o-s-s.org\/wp-content\/uploads\/2023\/02\/1.png","type":"image\/png"}],"author":"OSS","twitter_card":"summary_large_image","twitter_misc":{"Escrito por":"OSS","Tiempo de lectura":"2 minutos"},"schema":{"@context":"https:\/\/schema.org","@graph":[{"@type":"Article","@id":"https:\/\/www.o-s-s.org\/es\/news-documental-para-la-biennale-architettura-di-venezia-2023\/#article","isPartOf":{"@id":"https:\/\/www.o-s-s.org\/es\/news-documental-para-la-biennale-architettura-di-venezia-2023\/"},"author":{"name":"OSS","@id":"https:\/\/www.o-s-s.org\/#\/schema\/person\/2a785beaa4d05af5b373cd96132c3ce3"},"headline":"Documental para La Biennale Architettura di Venezia 2023","datePublished":"2023-02-21T07:48:00+00:00","dateModified":"2024-07-02T11:34:25+00:00","mainEntityOfPage":{"@id":"https:\/\/www.o-s-s.org\/es\/news-documental-para-la-biennale-architettura-di-venezia-2023\/"},"wordCount":240,"publisher":{"@id":"https:\/\/www.o-s-s.org\/#organization"},"image":{"@id":"https:\/\/www.o-s-s.org\/es\/news-documental-para-la-biennale-architettura-di-venezia-2023\/#primaryimage"},"thumbnailUrl":"https:\/\/www.o-s-s.org\/wp-content\/uploads\/2023\/02\/1.png","keywords":["Angel Borrego","Angel Borrego Cubero","Architecture Biennale di Venezia","architecture documentary","Bienal de Arquitectura de Venecia","documental arquitectura","Lesley Lokko","Office for Strategic Spaces","OSS"],"articleSection":["Noticias","Noticias Espa\u00f1ol"],"inLanguage":"es"},{"@type":"WebPage","@id":"https:\/\/www.o-s-s.org\/es\/news-documental-para-la-biennale-architettura-di-venezia-2023\/","url":"https:\/\/www.o-s-s.org\/es\/news-documental-para-la-biennale-architettura-di-venezia-2023\/","name":"Documental para La Biennale Architettura di Venezia 2023 - Office for Strategic Spaces","isPartOf":{"@id":"https:\/\/www.o-s-s.org\/#website"},"primaryImageOfPage":{"@id":"https:\/\/www.o-s-s.org\/es\/news-documental-para-la-biennale-architettura-di-venezia-2023\/#primaryimage"},"image":{"@id":"https:\/\/www.o-s-s.org\/es\/news-documental-para-la-biennale-architettura-di-venezia-2023\/#primaryimage"},"thumbnailUrl":"https:\/\/www.o-s-s.org\/wp-content\/uploads\/2023\/02\/1.png","datePublished":"2023-02-21T07:48:00+00:00","dateModified":"2024-07-02T11:34:25+00:00","breadcrumb":{"@id":"https:\/\/www.o-s-s.org\/es\/news-documental-para-la-biennale-architettura-di-venezia-2023\/#breadcrumb"},"inLanguage":"es","potentialAction":[{"@type":"ReadAction","target":["https:\/\/www.o-s-s.org\/es\/news-documental-para-la-biennale-architettura-di-venezia-2023\/"]}]},{"@type":"ImageObject","inLanguage":"es","@id":"https:\/\/www.o-s-s.org\/es\/news-documental-para-la-biennale-architettura-di-venezia-2023\/#primaryimage","url":"https:\/\/www.o-s-s.org\/wp-content\/uploads\/2023\/02\/1.png","contentUrl":"https:\/\/www.o-s-s.org\/wp-content\/uploads\/2023\/02\/1.png","width":2826,"height":1579,"caption":"Presentation of La Biennale Architettura di Venezia 2023 on February 21, 2023"},{"@type":"BreadcrumbList","@id":"https:\/\/www.o-s-s.org\/es\/news-documental-para-la-biennale-architettura-di-venezia-2023\/#breadcrumb","itemListElement":[{"@type":"ListItem","position":1,"name":"Portada","item":"https:\/\/www.o-s-s.org\/es\/"},{"@type":"ListItem","position":2,"name":"Documental para La Biennale Architettura di Venezia 2023"}]},{"@type":"WebSite","@id":"https:\/\/www.o-s-s.org\/#website","url":"https:\/\/www.o-s-s.org\/","name":"OSS Office for Strategic Spaces","description":"Office for Strategic Spaces  I Arquitectura, Dise\u00f1o  &amp; Investigaci\u00f3n Urbana","publisher":{"@id":"https:\/\/www.o-s-s.org\/#organization"},"potentialAction":[{"@type":"SearchAction","target":{"@type":"EntryPoint","urlTemplate":"https:\/\/www.o-s-s.org\/?s={search_term_string}"},"query-input":{"@type":"PropertyValueSpecification","valueRequired":true,"valueName":"search_term_string"}}],"inLanguage":"es"},{"@type":"Organization","@id":"https:\/\/www.o-s-s.org\/#organization","name":"OSS Office for Strategic Spaces","url":"https:\/\/www.o-s-s.org\/","logo":{"@type":"ImageObject","inLanguage":"es","@id":"https:\/\/www.o-s-s.org\/#\/schema\/logo\/image\/","url":"https:\/\/www.o-s-s.org\/wp-content\/uploads\/2017\/09\/logo-negro.png","contentUrl":"https:\/\/www.o-s-s.org\/wp-content\/uploads\/2017\/09\/logo-negro.png","width":764,"height":48,"caption":"OSS Office for Strategic Spaces"},"image":{"@id":"https:\/\/www.o-s-s.org\/#\/schema\/logo\/image\/"},"sameAs":["https:\/\/www.facebook.com\/StrategicSpaces\/","https:\/\/www.instagram.com\/officeforstrategicspaces\/","https:\/\/www.youtube.com\/user\/strategicspaces\/"]},{"@type":"Person","@id":"https:\/\/www.o-s-s.org\/#\/schema\/person\/2a785beaa4d05af5b373cd96132c3ce3","name":"OSS","image":{"@type":"ImageObject","inLanguage":"es","@id":"https:\/\/secure.gravatar.com\/avatar\/6cd13c1e3f298d06fdc2886bb60113957663534d195d8b90ef9408d0d520ff23?s=96&d=mm&r=g","url":"https:\/\/secure.gravatar.com\/avatar\/6cd13c1e3f298d06fdc2886bb60113957663534d195d8b90ef9408d0d520ff23?s=96&d=mm&r=g","contentUrl":"https:\/\/secure.gravatar.com\/avatar\/6cd13c1e3f298d06fdc2886bb60113957663534d195d8b90ef9408d0d520ff23?s=96&d=mm&r=g","caption":"OSS"},"url":"https:\/\/www.o-s-s.org\/es\/author\/simonarota\/"}]}},"_links":{"self":[{"href":"https:\/\/www.o-s-s.org\/es\/wp-json\/wp\/v2\/posts\/3437","targetHints":{"allow":["GET"]}}],"collection":[{"href":"https:\/\/www.o-s-s.org\/es\/wp-json\/wp\/v2\/posts"}],"about":[{"href":"https:\/\/www.o-s-s.org\/es\/wp-json\/wp\/v2\/types\/post"}],"author":[{"embeddable":true,"href":"https:\/\/www.o-s-s.org\/es\/wp-json\/wp\/v2\/users\/2"}],"replies":[{"embeddable":true,"href":"https:\/\/www.o-s-s.org\/es\/wp-json\/wp\/v2\/comments?post=3437"}],"version-history":[{"count":2,"href":"https:\/\/www.o-s-s.org\/es\/wp-json\/wp\/v2\/posts\/3437\/revisions"}],"predecessor-version":[{"id":4183,"href":"https:\/\/www.o-s-s.org\/es\/wp-json\/wp\/v2\/posts\/3437\/revisions\/4183"}],"wp:featuredmedia":[{"embeddable":true,"href":"https:\/\/www.o-s-s.org\/es\/wp-json\/wp\/v2\/media\/3315"}],"wp:attachment":[{"href":"https:\/\/www.o-s-s.org\/es\/wp-json\/wp\/v2\/media?parent=3437"}],"wp:term":[{"taxonomy":"category","embeddable":true,"href":"https:\/\/www.o-s-s.org\/es\/wp-json\/wp\/v2\/categories?post=3437"},{"taxonomy":"post_tag","embeddable":true,"href":"https:\/\/www.o-s-s.org\/es\/wp-json\/wp\/v2\/tags?post=3437"}],"curies":[{"name":"wp","href":"https:\/\/api.w.org\/{rel}","templated":true}]}}