{"id":4454,"date":"2024-09-01T09:31:02","date_gmt":"2024-09-01T08:31:02","guid":{"rendered":"https:\/\/www.o-s-s.org\/?p=4454"},"modified":"2025-07-26T09:59:48","modified_gmt":"2025-07-26T08:59:48","slug":"angel-borrego-segundo-premio-en-el-concurso-para-el-pabellon-de-espana-en-la-fil-2024","status":"publish","type":"post","link":"https:\/\/www.o-s-s.org\/es\/angel-borrego-segundo-premio-en-el-concurso-para-el-pabellon-de-espana-en-la-fil-2024\/","title":{"rendered":"\u00c1ngel Borrego, segundo premio en el concurso para el Pabell\u00f3n de Espa\u00f1a en la FIL 2024"},"content":{"rendered":"<p data-start=\"281\" data-end=\"616\"><strong>Office for Strategic Spaces \/\u00c1ngel Borrego Cubero, gana el segundo premio en el concurso para el Pabell\u00f3n de Espa\u00f1a en la FIL Guadalajara 2024<\/strong><\/p>\n<p data-start=\"281\" data-end=\"616\">La propuesta \u00abBajo el mismo sol\u00bb, del estudio <strong>Office for Strategic Spaces (OSS)<\/strong> dirigido por el arquitecto <strong data-start=\"396\" data-end=\"420\">\u00c1ngel Borrego Cubero<\/strong>, ha ganado el segundo premio en el concurso de proyectos para el dise\u00f1o del <strong data-start=\"503\" data-end=\"587\">Pabell\u00f3n de Espa\u00f1a en la Feria Internacional del Libro de Guadalajara (FIL) 2024<\/strong>, que se celebrar\u00e1 en M\u00e9xico.<\/p>\n<p data-start=\"618\" data-end=\"833\">En su 38\u00aa edici\u00f3n, la FIL Guadalajara contar\u00e1 con <strong data-start=\"672\" data-end=\"710\">Espa\u00f1a como Pa\u00eds Invitado de Honor,<\/strong> y el concurso fue convocado por <a href=\"https:\/\/contrataciondelestado.es\/wps\/portal\/!ut\/p\/b0\/04_Sj9CPykssy0xPLMnMz0vMAfIjU1JTC3Iy87KtUlJLEnNyUuNzMpMzSxKTgQr0w_Wj9KMyU1zLcvQjjb08fEJ8VA2yQkpNVQ2CTAPdQnISfU0cbW31C3JzHQHx2Hep\/\">Acci\u00f3n Cultural Espa\u00f1ola (AC\/E)<\/a>\u00a0para seleccionar el pabell\u00f3n representativo del pa\u00eds bajo el lema \u00abCamino de ida y vuelta\u00bb.<\/p>\n<p data-start=\"835\" data-end=\"1107\">El proyecto premiado se inspira en uno de los <em data-start=\"881\" data-end=\"899\">Emblemas morales<\/em> de Sebasti\u00e1n de Covarrubias Orozco, concretamente en el lema:<br data-start=\"965\" data-end=\"968\" \/><em data-start=\"968\" data-end=\"1107\">\u00abEste Sol de justicia en toda parte, sin hacer divisi\u00f3n o diferencia, su clara lumbre de piedad reparte, a ninguno negando su presencia\u00bb.<\/em><\/p>\n<p><a class=\"\" href=\"https:\/\/www.o-s-s.org\/es\/proyectos\/pabellon-de-espana-en-la-fil-2024\/\" rel=\"noopener\" data-start=\"1112\" data-end=\"1162\">Consulta m\u00e1s detalles sobre la propuesta aqu\u00ed<\/a><\/p>\n","protected":false},"excerpt":{"rendered":"<p>Office for Strategic Spaces \/\u00c1ngel Borrego Cubero, gana el segundo premio en el concurso para el Pabell\u00f3n de Espa\u00f1a en la FIL Guadalajara 2024 La propuesta \u00abBajo el mismo sol\u00bb, del estudio Office for Strategic Spaces (OSS) dirigido por el arquitecto \u00c1ngel Borrego Cubero, ha ganado el segundo premio en el concurso de proyectos para [&hellip;]<\/p>\n","protected":false},"author":2,"featured_media":4455,"comment_status":"closed","ping_status":"closed","sticky":false,"template":"","format":"standard","meta":{"_acf_changed":false,"footnotes":""},"categories":[11,496],"tags":[9,10,599,598,597,600,12,31,596,177],"class_list":["post-4454","post","type-post","status-publish","format-standard","has-post-thumbnail","hentry","category-noticias","category-noticias-es","tag-angel-borrego","tag-angel-borrego-cubero","tag-arquitectos-destacados-de-espana","tag-arquitectura-ferial","tag-fil2024","tag-mejores-arquitectos-de-espana","tag-office-for-strategic-spaces","tag-oss","tag-pabellon-de-espana","tag-pabellon-espanol"],"acf":[],"yoast_head":"<!-- This site is optimized with the Yoast SEO plugin v27.4 - https:\/\/yoast.com\/product\/yoast-seo-wordpress\/ -->\n<title>\u00c1ngel Borrego, segundo premio en el concurso para el Pabell\u00f3n de Espa\u00f1a en la FIL 2024 - Office for Strategic Spaces<\/title>\n<meta name=\"robots\" content=\"index, follow, max-snippet:-1, max-image-preview:large, max-video-preview:-1\" \/>\n<link rel=\"canonical\" href=\"https:\/\/www.o-s-s.org\/es\/angel-borrego-segundo-premio-en-el-concurso-para-el-pabellon-de-espana-en-la-fil-2024\/\" \/>\n<meta property=\"og:locale\" content=\"es_ES\" \/>\n<meta property=\"og:type\" content=\"article\" \/>\n<meta property=\"og:title\" content=\"\u00c1ngel Borrego, segundo premio en el concurso para el Pabell\u00f3n de Espa\u00f1a en la FIL 2024 - Office for Strategic Spaces\" \/>\n<meta property=\"og:description\" content=\"Office for Strategic Spaces \/\u00c1ngel Borrego Cubero, gana el segundo premio en el concurso para el Pabell\u00f3n de Espa\u00f1a en la FIL Guadalajara 2024 La propuesta \u00abBajo el mismo sol\u00bb, del estudio Office for Strategic Spaces (OSS) dirigido por el arquitecto \u00c1ngel Borrego Cubero, ha ganado el segundo premio en el concurso de proyectos para [&hellip;]\" \/>\n<meta property=\"og:url\" content=\"https:\/\/www.o-s-s.org\/es\/angel-borrego-segundo-premio-en-el-concurso-para-el-pabellon-de-espana-en-la-fil-2024\/\" \/>\n<meta property=\"og:site_name\" content=\"Office for Strategic Spaces\" \/>\n<meta property=\"article:publisher\" content=\"https:\/\/www.facebook.com\/StrategicSpaces\/\" \/>\n<meta property=\"article:published_time\" content=\"2024-09-01T08:31:02+00:00\" \/>\n<meta property=\"article:modified_time\" content=\"2025-07-26T08:59:48+00:00\" \/>\n<meta property=\"og:image\" content=\"https:\/\/www.o-s-s.org\/wp-content\/uploads\/2025\/07\/1733469986251.jpeg\" \/>\n\t<meta property=\"og:image:width\" content=\"800\" \/>\n\t<meta property=\"og:image:height\" content=\"708\" \/>\n\t<meta property=\"og:image:type\" content=\"image\/jpeg\" \/>\n<meta name=\"author\" content=\"OSS\" \/>\n<meta name=\"twitter:card\" content=\"summary_large_image\" \/>\n<meta name=\"twitter:label1\" content=\"Escrito por\" \/>\n\t<meta name=\"twitter:data1\" content=\"OSS\" \/>\n\t<meta name=\"twitter:label2\" content=\"Tiempo de lectura\" \/>\n\t<meta name=\"twitter:data2\" content=\"1 minuto\" \/>\n<script type=\"application\/ld+json\" class=\"yoast-schema-graph\">{\"@context\":\"https:\\\/\\\/schema.org\",\"@graph\":[{\"@type\":\"Article\",\"@id\":\"https:\\\/\\\/www.o-s-s.org\\\/es\\\/angel-borrego-segundo-premio-en-el-concurso-para-el-pabellon-de-espana-en-la-fil-2024\\\/#article\",\"isPartOf\":{\"@id\":\"https:\\\/\\\/www.o-s-s.org\\\/es\\\/angel-borrego-segundo-premio-en-el-concurso-para-el-pabellon-de-espana-en-la-fil-2024\\\/\"},\"author\":{\"name\":\"OSS\",\"@id\":\"https:\\\/\\\/www.o-s-s.org\\\/#\\\/schema\\\/person\\\/2a785beaa4d05af5b373cd96132c3ce3\"},\"headline\":\"\u00c1ngel Borrego, segundo premio en el concurso para el Pabell\u00f3n de Espa\u00f1a en la FIL 2024\",\"datePublished\":\"2024-09-01T08:31:02+00:00\",\"dateModified\":\"2025-07-26T08:59:48+00:00\",\"mainEntityOfPage\":{\"@id\":\"https:\\\/\\\/www.o-s-s.org\\\/es\\\/angel-borrego-segundo-premio-en-el-concurso-para-el-pabellon-de-espana-en-la-fil-2024\\\/\"},\"wordCount\":197,\"publisher\":{\"@id\":\"https:\\\/\\\/www.o-s-s.org\\\/#organization\"},\"image\":{\"@id\":\"https:\\\/\\\/www.o-s-s.org\\\/es\\\/angel-borrego-segundo-premio-en-el-concurso-para-el-pabellon-de-espana-en-la-fil-2024\\\/#primaryimage\"},\"thumbnailUrl\":\"https:\\\/\\\/www.o-s-s.org\\\/wp-content\\\/uploads\\\/2025\\\/07\\\/1733469986251.jpeg\",\"keywords\":[\"Angel Borrego\",\"Angel Borrego Cubero\",\"arquitectos destacados de Espa\u00f1a\",\"arquitectura ferial\",\"FIL2024\",\"mejores arquitectos de Espa\u00f1a\",\"Office for Strategic Spaces\",\"OSS\",\"Pabellon de Espa\u00f1a\",\"Pabell\u00f3n Espa\u00f1ol\"],\"articleSection\":[\"Noticias\",\"Noticias Espa\u00f1ol\"],\"inLanguage\":\"es\"},{\"@type\":\"WebPage\",\"@id\":\"https:\\\/\\\/www.o-s-s.org\\\/es\\\/angel-borrego-segundo-premio-en-el-concurso-para-el-pabellon-de-espana-en-la-fil-2024\\\/\",\"url\":\"https:\\\/\\\/www.o-s-s.org\\\/es\\\/angel-borrego-segundo-premio-en-el-concurso-para-el-pabellon-de-espana-en-la-fil-2024\\\/\",\"name\":\"\u00c1ngel Borrego, segundo premio en el concurso para el Pabell\u00f3n de Espa\u00f1a en la FIL 2024 - Office for Strategic Spaces\",\"isPartOf\":{\"@id\":\"https:\\\/\\\/www.o-s-s.org\\\/#website\"},\"primaryImageOfPage\":{\"@id\":\"https:\\\/\\\/www.o-s-s.org\\\/es\\\/angel-borrego-segundo-premio-en-el-concurso-para-el-pabellon-de-espana-en-la-fil-2024\\\/#primaryimage\"},\"image\":{\"@id\":\"https:\\\/\\\/www.o-s-s.org\\\/es\\\/angel-borrego-segundo-premio-en-el-concurso-para-el-pabellon-de-espana-en-la-fil-2024\\\/#primaryimage\"},\"thumbnailUrl\":\"https:\\\/\\\/www.o-s-s.org\\\/wp-content\\\/uploads\\\/2025\\\/07\\\/1733469986251.jpeg\",\"datePublished\":\"2024-09-01T08:31:02+00:00\",\"dateModified\":\"2025-07-26T08:59:48+00:00\",\"breadcrumb\":{\"@id\":\"https:\\\/\\\/www.o-s-s.org\\\/es\\\/angel-borrego-segundo-premio-en-el-concurso-para-el-pabellon-de-espana-en-la-fil-2024\\\/#breadcrumb\"},\"inLanguage\":\"es\",\"potentialAction\":[{\"@type\":\"ReadAction\",\"target\":[\"https:\\\/\\\/www.o-s-s.org\\\/es\\\/angel-borrego-segundo-premio-en-el-concurso-para-el-pabellon-de-espana-en-la-fil-2024\\\/\"]}]},{\"@type\":\"ImageObject\",\"inLanguage\":\"es\",\"@id\":\"https:\\\/\\\/www.o-s-s.org\\\/es\\\/angel-borrego-segundo-premio-en-el-concurso-para-el-pabellon-de-espana-en-la-fil-2024\\\/#primaryimage\",\"url\":\"https:\\\/\\\/www.o-s-s.org\\\/wp-content\\\/uploads\\\/2025\\\/07\\\/1733469986251.jpeg\",\"contentUrl\":\"https:\\\/\\\/www.o-s-s.org\\\/wp-content\\\/uploads\\\/2025\\\/07\\\/1733469986251.jpeg\",\"width\":800,\"height\":708},{\"@type\":\"BreadcrumbList\",\"@id\":\"https:\\\/\\\/www.o-s-s.org\\\/es\\\/angel-borrego-segundo-premio-en-el-concurso-para-el-pabellon-de-espana-en-la-fil-2024\\\/#breadcrumb\",\"itemListElement\":[{\"@type\":\"ListItem\",\"position\":1,\"name\":\"Portada\",\"item\":\"https:\\\/\\\/www.o-s-s.org\\\/es\\\/\"},{\"@type\":\"ListItem\",\"position\":2,\"name\":\"\u00c1ngel Borrego, segundo premio en el concurso para el Pabell\u00f3n de Espa\u00f1a en la FIL 2024\"}]},{\"@type\":\"WebSite\",\"@id\":\"https:\\\/\\\/www.o-s-s.org\\\/#website\",\"url\":\"https:\\\/\\\/www.o-s-s.org\\\/\",\"name\":\"OSS Office for Strategic Spaces\",\"description\":\"Office for Strategic Spaces  I Arquitectura, Dise\u00f1o  &amp; Investigaci\u00f3n Urbana\",\"publisher\":{\"@id\":\"https:\\\/\\\/www.o-s-s.org\\\/#organization\"},\"potentialAction\":[{\"@type\":\"SearchAction\",\"target\":{\"@type\":\"EntryPoint\",\"urlTemplate\":\"https:\\\/\\\/www.o-s-s.org\\\/?s={search_term_string}\"},\"query-input\":{\"@type\":\"PropertyValueSpecification\",\"valueRequired\":true,\"valueName\":\"search_term_string\"}}],\"inLanguage\":\"es\"},{\"@type\":\"Organization\",\"@id\":\"https:\\\/\\\/www.o-s-s.org\\\/#organization\",\"name\":\"OSS Office for Strategic Spaces\",\"url\":\"https:\\\/\\\/www.o-s-s.org\\\/\",\"logo\":{\"@type\":\"ImageObject\",\"inLanguage\":\"es\",\"@id\":\"https:\\\/\\\/www.o-s-s.org\\\/#\\\/schema\\\/logo\\\/image\\\/\",\"url\":\"https:\\\/\\\/www.o-s-s.org\\\/wp-content\\\/uploads\\\/2017\\\/09\\\/logo-negro.png\",\"contentUrl\":\"https:\\\/\\\/www.o-s-s.org\\\/wp-content\\\/uploads\\\/2017\\\/09\\\/logo-negro.png\",\"width\":764,\"height\":48,\"caption\":\"OSS Office for Strategic Spaces\"},\"image\":{\"@id\":\"https:\\\/\\\/www.o-s-s.org\\\/#\\\/schema\\\/logo\\\/image\\\/\"},\"sameAs\":[\"https:\\\/\\\/www.facebook.com\\\/StrategicSpaces\\\/\",\"https:\\\/\\\/www.instagram.com\\\/officeforstrategicspaces\\\/\",\"https:\\\/\\\/www.youtube.com\\\/user\\\/strategicspaces\\\/\"]},{\"@type\":\"Person\",\"@id\":\"https:\\\/\\\/www.o-s-s.org\\\/#\\\/schema\\\/person\\\/2a785beaa4d05af5b373cd96132c3ce3\",\"name\":\"OSS\",\"image\":{\"@type\":\"ImageObject\",\"inLanguage\":\"es\",\"@id\":\"https:\\\/\\\/secure.gravatar.com\\\/avatar\\\/6cd13c1e3f298d06fdc2886bb60113957663534d195d8b90ef9408d0d520ff23?s=96&d=mm&r=g\",\"url\":\"https:\\\/\\\/secure.gravatar.com\\\/avatar\\\/6cd13c1e3f298d06fdc2886bb60113957663534d195d8b90ef9408d0d520ff23?s=96&d=mm&r=g\",\"contentUrl\":\"https:\\\/\\\/secure.gravatar.com\\\/avatar\\\/6cd13c1e3f298d06fdc2886bb60113957663534d195d8b90ef9408d0d520ff23?s=96&d=mm&r=g\",\"caption\":\"OSS\"},\"url\":\"https:\\\/\\\/www.o-s-s.org\\\/es\\\/author\\\/simonarota\\\/\"}]}<\/script>\n<!-- \/ Yoast SEO plugin. -->","yoast_head_json":{"title":"\u00c1ngel Borrego, segundo premio en el concurso para el Pabell\u00f3n de Espa\u00f1a en la FIL 2024 - Office for Strategic Spaces","robots":{"index":"index","follow":"follow","max-snippet":"max-snippet:-1","max-image-preview":"max-image-preview:large","max-video-preview":"max-video-preview:-1"},"canonical":"https:\/\/www.o-s-s.org\/es\/angel-borrego-segundo-premio-en-el-concurso-para-el-pabellon-de-espana-en-la-fil-2024\/","og_locale":"es_ES","og_type":"article","og_title":"\u00c1ngel Borrego, segundo premio en el concurso para el Pabell\u00f3n de Espa\u00f1a en la FIL 2024 - Office for Strategic Spaces","og_description":"Office for Strategic Spaces \/\u00c1ngel Borrego Cubero, gana el segundo premio en el concurso para el Pabell\u00f3n de Espa\u00f1a en la FIL Guadalajara 2024 La propuesta \u00abBajo el mismo sol\u00bb, del estudio Office for Strategic Spaces (OSS) dirigido por el arquitecto \u00c1ngel Borrego Cubero, ha ganado el segundo premio en el concurso de proyectos para [&hellip;]","og_url":"https:\/\/www.o-s-s.org\/es\/angel-borrego-segundo-premio-en-el-concurso-para-el-pabellon-de-espana-en-la-fil-2024\/","og_site_name":"Office for Strategic Spaces","article_publisher":"https:\/\/www.facebook.com\/StrategicSpaces\/","article_published_time":"2024-09-01T08:31:02+00:00","article_modified_time":"2025-07-26T08:59:48+00:00","og_image":[{"width":800,"height":708,"url":"https:\/\/www.o-s-s.org\/wp-content\/uploads\/2025\/07\/1733469986251.jpeg","type":"image\/jpeg"}],"author":"OSS","twitter_card":"summary_large_image","twitter_misc":{"Escrito por":"OSS","Tiempo de lectura":"1 minuto"},"schema":{"@context":"https:\/\/schema.org","@graph":[{"@type":"Article","@id":"https:\/\/www.o-s-s.org\/es\/angel-borrego-segundo-premio-en-el-concurso-para-el-pabellon-de-espana-en-la-fil-2024\/#article","isPartOf":{"@id":"https:\/\/www.o-s-s.org\/es\/angel-borrego-segundo-premio-en-el-concurso-para-el-pabellon-de-espana-en-la-fil-2024\/"},"author":{"name":"OSS","@id":"https:\/\/www.o-s-s.org\/#\/schema\/person\/2a785beaa4d05af5b373cd96132c3ce3"},"headline":"\u00c1ngel Borrego, segundo premio en el concurso para el Pabell\u00f3n de Espa\u00f1a en la FIL 2024","datePublished":"2024-09-01T08:31:02+00:00","dateModified":"2025-07-26T08:59:48+00:00","mainEntityOfPage":{"@id":"https:\/\/www.o-s-s.org\/es\/angel-borrego-segundo-premio-en-el-concurso-para-el-pabellon-de-espana-en-la-fil-2024\/"},"wordCount":197,"publisher":{"@id":"https:\/\/www.o-s-s.org\/#organization"},"image":{"@id":"https:\/\/www.o-s-s.org\/es\/angel-borrego-segundo-premio-en-el-concurso-para-el-pabellon-de-espana-en-la-fil-2024\/#primaryimage"},"thumbnailUrl":"https:\/\/www.o-s-s.org\/wp-content\/uploads\/2025\/07\/1733469986251.jpeg","keywords":["Angel Borrego","Angel Borrego Cubero","arquitectos destacados de Espa\u00f1a","arquitectura ferial","FIL2024","mejores arquitectos de Espa\u00f1a","Office for Strategic Spaces","OSS","Pabellon de Espa\u00f1a","Pabell\u00f3n Espa\u00f1ol"],"articleSection":["Noticias","Noticias Espa\u00f1ol"],"inLanguage":"es"},{"@type":"WebPage","@id":"https:\/\/www.o-s-s.org\/es\/angel-borrego-segundo-premio-en-el-concurso-para-el-pabellon-de-espana-en-la-fil-2024\/","url":"https:\/\/www.o-s-s.org\/es\/angel-borrego-segundo-premio-en-el-concurso-para-el-pabellon-de-espana-en-la-fil-2024\/","name":"\u00c1ngel Borrego, segundo premio en el concurso para el Pabell\u00f3n de Espa\u00f1a en la FIL 2024 - Office for Strategic Spaces","isPartOf":{"@id":"https:\/\/www.o-s-s.org\/#website"},"primaryImageOfPage":{"@id":"https:\/\/www.o-s-s.org\/es\/angel-borrego-segundo-premio-en-el-concurso-para-el-pabellon-de-espana-en-la-fil-2024\/#primaryimage"},"image":{"@id":"https:\/\/www.o-s-s.org\/es\/angel-borrego-segundo-premio-en-el-concurso-para-el-pabellon-de-espana-en-la-fil-2024\/#primaryimage"},"thumbnailUrl":"https:\/\/www.o-s-s.org\/wp-content\/uploads\/2025\/07\/1733469986251.jpeg","datePublished":"2024-09-01T08:31:02+00:00","dateModified":"2025-07-26T08:59:48+00:00","breadcrumb":{"@id":"https:\/\/www.o-s-s.org\/es\/angel-borrego-segundo-premio-en-el-concurso-para-el-pabellon-de-espana-en-la-fil-2024\/#breadcrumb"},"inLanguage":"es","potentialAction":[{"@type":"ReadAction","target":["https:\/\/www.o-s-s.org\/es\/angel-borrego-segundo-premio-en-el-concurso-para-el-pabellon-de-espana-en-la-fil-2024\/"]}]},{"@type":"ImageObject","inLanguage":"es","@id":"https:\/\/www.o-s-s.org\/es\/angel-borrego-segundo-premio-en-el-concurso-para-el-pabellon-de-espana-en-la-fil-2024\/#primaryimage","url":"https:\/\/www.o-s-s.org\/wp-content\/uploads\/2025\/07\/1733469986251.jpeg","contentUrl":"https:\/\/www.o-s-s.org\/wp-content\/uploads\/2025\/07\/1733469986251.jpeg","width":800,"height":708},{"@type":"BreadcrumbList","@id":"https:\/\/www.o-s-s.org\/es\/angel-borrego-segundo-premio-en-el-concurso-para-el-pabellon-de-espana-en-la-fil-2024\/#breadcrumb","itemListElement":[{"@type":"ListItem","position":1,"name":"Portada","item":"https:\/\/www.o-s-s.org\/es\/"},{"@type":"ListItem","position":2,"name":"\u00c1ngel Borrego, segundo premio en el concurso para el Pabell\u00f3n de Espa\u00f1a en la FIL 2024"}]},{"@type":"WebSite","@id":"https:\/\/www.o-s-s.org\/#website","url":"https:\/\/www.o-s-s.org\/","name":"OSS Office for Strategic Spaces","description":"Office for Strategic Spaces  I Arquitectura, Dise\u00f1o  &amp; Investigaci\u00f3n Urbana","publisher":{"@id":"https:\/\/www.o-s-s.org\/#organization"},"potentialAction":[{"@type":"SearchAction","target":{"@type":"EntryPoint","urlTemplate":"https:\/\/www.o-s-s.org\/?s={search_term_string}"},"query-input":{"@type":"PropertyValueSpecification","valueRequired":true,"valueName":"search_term_string"}}],"inLanguage":"es"},{"@type":"Organization","@id":"https:\/\/www.o-s-s.org\/#organization","name":"OSS Office for Strategic Spaces","url":"https:\/\/www.o-s-s.org\/","logo":{"@type":"ImageObject","inLanguage":"es","@id":"https:\/\/www.o-s-s.org\/#\/schema\/logo\/image\/","url":"https:\/\/www.o-s-s.org\/wp-content\/uploads\/2017\/09\/logo-negro.png","contentUrl":"https:\/\/www.o-s-s.org\/wp-content\/uploads\/2017\/09\/logo-negro.png","width":764,"height":48,"caption":"OSS Office for Strategic Spaces"},"image":{"@id":"https:\/\/www.o-s-s.org\/#\/schema\/logo\/image\/"},"sameAs":["https:\/\/www.facebook.com\/StrategicSpaces\/","https:\/\/www.instagram.com\/officeforstrategicspaces\/","https:\/\/www.youtube.com\/user\/strategicspaces\/"]},{"@type":"Person","@id":"https:\/\/www.o-s-s.org\/#\/schema\/person\/2a785beaa4d05af5b373cd96132c3ce3","name":"OSS","image":{"@type":"ImageObject","inLanguage":"es","@id":"https:\/\/secure.gravatar.com\/avatar\/6cd13c1e3f298d06fdc2886bb60113957663534d195d8b90ef9408d0d520ff23?s=96&d=mm&r=g","url":"https:\/\/secure.gravatar.com\/avatar\/6cd13c1e3f298d06fdc2886bb60113957663534d195d8b90ef9408d0d520ff23?s=96&d=mm&r=g","contentUrl":"https:\/\/secure.gravatar.com\/avatar\/6cd13c1e3f298d06fdc2886bb60113957663534d195d8b90ef9408d0d520ff23?s=96&d=mm&r=g","caption":"OSS"},"url":"https:\/\/www.o-s-s.org\/es\/author\/simonarota\/"}]}},"_links":{"self":[{"href":"https:\/\/www.o-s-s.org\/es\/wp-json\/wp\/v2\/posts\/4454","targetHints":{"allow":["GET"]}}],"collection":[{"href":"https:\/\/www.o-s-s.org\/es\/wp-json\/wp\/v2\/posts"}],"about":[{"href":"https:\/\/www.o-s-s.org\/es\/wp-json\/wp\/v2\/types\/post"}],"author":[{"embeddable":true,"href":"https:\/\/www.o-s-s.org\/es\/wp-json\/wp\/v2\/users\/2"}],"replies":[{"embeddable":true,"href":"https:\/\/www.o-s-s.org\/es\/wp-json\/wp\/v2\/comments?post=4454"}],"version-history":[{"count":3,"href":"https:\/\/www.o-s-s.org\/es\/wp-json\/wp\/v2\/posts\/4454\/revisions"}],"predecessor-version":[{"id":4461,"href":"https:\/\/www.o-s-s.org\/es\/wp-json\/wp\/v2\/posts\/4454\/revisions\/4461"}],"wp:featuredmedia":[{"embeddable":true,"href":"https:\/\/www.o-s-s.org\/es\/wp-json\/wp\/v2\/media\/4455"}],"wp:attachment":[{"href":"https:\/\/www.o-s-s.org\/es\/wp-json\/wp\/v2\/media?parent=4454"}],"wp:term":[{"taxonomy":"category","embeddable":true,"href":"https:\/\/www.o-s-s.org\/es\/wp-json\/wp\/v2\/categories?post=4454"},{"taxonomy":"post_tag","embeddable":true,"href":"https:\/\/www.o-s-s.org\/es\/wp-json\/wp\/v2\/tags?post=4454"}],"curies":[{"name":"wp","href":"https:\/\/api.w.org\/{rel}","templated":true}]}}