{"id":997,"date":"2013-09-25T18:46:49","date_gmt":"2013-09-25T18:46:49","guid":{"rendered":"http:\/\/www.o-s-s.org\/?p=997"},"modified":"2017-09-12T16:37:28","modified_gmt":"2017-09-12T16:37:28","slug":"the-competition-abre-el-festival-de-film-y-arquitectura-de-rotterdam-13","status":"publish","type":"post","link":"https:\/\/www.o-s-s.org\/es\/the-competition-abre-el-festival-de-film-y-arquitectura-de-rotterdam-13\/","title":{"rendered":"\u00abThe Competition\u00bb abre el Festival de Film y Arquitectura de Rotterdam 13"},"content":{"rendered":"<p><!--:es-->\u00abThe Competition\u00bb, un documental dirigido por Angel Borrego Cubero y producido por OSS, ha sido seleccionado para abrir el <a href=\"http:\/\/affr.nl\/programme_2013\/special_opening_affr2013.html\" target=\"_blank\" rel=\"noopener\">Festival de Film y Arquitectura de Rotterdam 2013 (AFFR)<\/a>, siendo este el estreno mundial de la pelicula. La apertura del Festival contar\u00e1 con la participaci\u00f3n de Borrego Cubero y ser\u00e1 el 10 de Octubre en un lugar hist\u00f3rico de Rotterdam, en Fenixloods 1, Katendrecht mientras que el Festival se desarrolla del 10 al 13 de octubre en los cines Lantaren Venster. El acceso al Festival se har\u00e1 con entradas, disponibles a la venta a partir del 30 de septiembre.<!--:--><\/p>\n","protected":false},"excerpt":{"rendered":"<p>\u00abThe Competition\u00bb, un documental dirigido por Angel Borrego Cubero y producido por OSS, ha sido seleccionado para abrir el Festival de Film y Arquitectura de Rotterdam 2013 (AFFR), siendo este el estreno mundial de la pelicula. La apertura del Festival contar\u00e1 con la participaci\u00f3n de Borrego Cubero y ser\u00e1 el 10 de Octubre en un [&hellip;]<\/p>\n","protected":false},"author":2,"featured_media":0,"comment_status":"closed","ping_status":"open","sticky":false,"template":"","format":"standard","meta":{"_acf_changed":false,"footnotes":""},"categories":[11],"tags":[57,9,10,27,58,28,59,60,61,62,12,31,32,63],"class_list":["post-997","post","type-post","status-publish","format-standard","hentry","category-noticias","tag-affr-13","tag-angel-borrego","tag-angel-borrego-cubero","tag-architecture-film","tag-architecture-film-festival-rotterdam","tag-competitions-of-architecture","tag-dominique-perrault","tag-frank-gehry","tag-jean-nouvel","tag-norman-foster","tag-office-for-strategic-spaces","tag-oss","tag-the-competition","tag-zaha-hadid"],"acf":[],"yoast_head":"<!-- This site is optimized with the Yoast SEO plugin v27.4 - https:\/\/yoast.com\/product\/yoast-seo-wordpress\/ -->\n<title>&quot;The Competition&quot; abre el Festival de Film y Arquitectura de Rotterdam 13 - Office for Strategic Spaces<\/title>\n<meta name=\"robots\" content=\"index, follow, max-snippet:-1, max-image-preview:large, max-video-preview:-1\" \/>\n<link rel=\"canonical\" href=\"https:\/\/www.o-s-s.org\/es\/the-competition-abre-el-festival-de-film-y-arquitectura-de-rotterdam-13\/\" \/>\n<meta property=\"og:locale\" content=\"es_ES\" \/>\n<meta property=\"og:type\" content=\"article\" \/>\n<meta property=\"og:title\" content=\"&quot;The Competition&quot; abre el Festival de Film y Arquitectura de Rotterdam 13 - Office for Strategic Spaces\" \/>\n<meta property=\"og:description\" content=\"\u00abThe Competition\u00bb, un documental dirigido por Angel Borrego Cubero y producido por OSS, ha sido seleccionado para abrir el Festival de Film y Arquitectura de Rotterdam 2013 (AFFR), siendo este el estreno mundial de la pelicula. La apertura del Festival contar\u00e1 con la participaci\u00f3n de Borrego Cubero y ser\u00e1 el 10 de Octubre en un [&hellip;]\" \/>\n<meta property=\"og:url\" content=\"https:\/\/www.o-s-s.org\/es\/the-competition-abre-el-festival-de-film-y-arquitectura-de-rotterdam-13\/\" \/>\n<meta property=\"og:site_name\" content=\"Office for Strategic Spaces\" \/>\n<meta property=\"article:publisher\" content=\"https:\/\/www.facebook.com\/StrategicSpaces\/\" \/>\n<meta property=\"article:published_time\" content=\"2013-09-25T18:46:49+00:00\" \/>\n<meta property=\"article:modified_time\" content=\"2017-09-12T16:37:28+00:00\" \/>\n<meta name=\"author\" content=\"OSS\" \/>\n<meta name=\"twitter:card\" content=\"summary_large_image\" \/>\n<meta name=\"twitter:label1\" content=\"Escrito por\" \/>\n\t<meta name=\"twitter:data1\" content=\"OSS\" \/>\n<script type=\"application\/ld+json\" class=\"yoast-schema-graph\">{\"@context\":\"https:\\\/\\\/schema.org\",\"@graph\":[{\"@type\":\"Article\",\"@id\":\"https:\\\/\\\/www.o-s-s.org\\\/es\\\/the-competition-abre-el-festival-de-film-y-arquitectura-de-rotterdam-13\\\/#article\",\"isPartOf\":{\"@id\":\"https:\\\/\\\/www.o-s-s.org\\\/es\\\/the-competition-abre-el-festival-de-film-y-arquitectura-de-rotterdam-13\\\/\"},\"author\":{\"name\":\"OSS\",\"@id\":\"https:\\\/\\\/www.o-s-s.org\\\/#\\\/schema\\\/person\\\/2a785beaa4d05af5b373cd96132c3ce3\"},\"headline\":\"\u00abThe Competition\u00bb abre el Festival de Film y Arquitectura de Rotterdam 13\",\"datePublished\":\"2013-09-25T18:46:49+00:00\",\"dateModified\":\"2017-09-12T16:37:28+00:00\",\"mainEntityOfPage\":{\"@id\":\"https:\\\/\\\/www.o-s-s.org\\\/es\\\/the-competition-abre-el-festival-de-film-y-arquitectura-de-rotterdam-13\\\/\"},\"wordCount\":105,\"publisher\":{\"@id\":\"https:\\\/\\\/www.o-s-s.org\\\/#organization\"},\"keywords\":[\"AFFR 13\",\"Angel Borrego\",\"Angel Borrego Cubero\",\"architecture film\",\"Architecture Film Festival Rotterdam\",\"competitions of architecture\",\"Dominique Perrault\",\"Frank Gehry\",\"Jean Nouvel\",\"Norman Foster\",\"Office for Strategic Spaces\",\"OSS\",\"The Competition\",\"Zaha Hadid\"],\"articleSection\":[\"Noticias\"],\"inLanguage\":\"es\"},{\"@type\":\"WebPage\",\"@id\":\"https:\\\/\\\/www.o-s-s.org\\\/es\\\/the-competition-abre-el-festival-de-film-y-arquitectura-de-rotterdam-13\\\/\",\"url\":\"https:\\\/\\\/www.o-s-s.org\\\/es\\\/the-competition-abre-el-festival-de-film-y-arquitectura-de-rotterdam-13\\\/\",\"name\":\"\\\"The Competition\\\" abre el Festival de Film y Arquitectura de Rotterdam 13 - Office for Strategic Spaces\",\"isPartOf\":{\"@id\":\"https:\\\/\\\/www.o-s-s.org\\\/#website\"},\"datePublished\":\"2013-09-25T18:46:49+00:00\",\"dateModified\":\"2017-09-12T16:37:28+00:00\",\"breadcrumb\":{\"@id\":\"https:\\\/\\\/www.o-s-s.org\\\/es\\\/the-competition-abre-el-festival-de-film-y-arquitectura-de-rotterdam-13\\\/#breadcrumb\"},\"inLanguage\":\"es\",\"potentialAction\":[{\"@type\":\"ReadAction\",\"target\":[\"https:\\\/\\\/www.o-s-s.org\\\/es\\\/the-competition-abre-el-festival-de-film-y-arquitectura-de-rotterdam-13\\\/\"]}]},{\"@type\":\"BreadcrumbList\",\"@id\":\"https:\\\/\\\/www.o-s-s.org\\\/es\\\/the-competition-abre-el-festival-de-film-y-arquitectura-de-rotterdam-13\\\/#breadcrumb\",\"itemListElement\":[{\"@type\":\"ListItem\",\"position\":1,\"name\":\"Portada\",\"item\":\"https:\\\/\\\/www.o-s-s.org\\\/es\\\/\"},{\"@type\":\"ListItem\",\"position\":2,\"name\":\"\u00abThe Competition\u00bb abre el Festival de Film y Arquitectura de Rotterdam 13\"}]},{\"@type\":\"WebSite\",\"@id\":\"https:\\\/\\\/www.o-s-s.org\\\/#website\",\"url\":\"https:\\\/\\\/www.o-s-s.org\\\/\",\"name\":\"OSS Office for Strategic Spaces\",\"description\":\"Office for Strategic Spaces  I Arquitectura, Dise\u00f1o  &amp; Investigaci\u00f3n Urbana\",\"publisher\":{\"@id\":\"https:\\\/\\\/www.o-s-s.org\\\/#organization\"},\"potentialAction\":[{\"@type\":\"SearchAction\",\"target\":{\"@type\":\"EntryPoint\",\"urlTemplate\":\"https:\\\/\\\/www.o-s-s.org\\\/?s={search_term_string}\"},\"query-input\":{\"@type\":\"PropertyValueSpecification\",\"valueRequired\":true,\"valueName\":\"search_term_string\"}}],\"inLanguage\":\"es\"},{\"@type\":\"Organization\",\"@id\":\"https:\\\/\\\/www.o-s-s.org\\\/#organization\",\"name\":\"OSS Office for Strategic Spaces\",\"url\":\"https:\\\/\\\/www.o-s-s.org\\\/\",\"logo\":{\"@type\":\"ImageObject\",\"inLanguage\":\"es\",\"@id\":\"https:\\\/\\\/www.o-s-s.org\\\/#\\\/schema\\\/logo\\\/image\\\/\",\"url\":\"https:\\\/\\\/www.o-s-s.org\\\/wp-content\\\/uploads\\\/2017\\\/09\\\/logo-negro.png\",\"contentUrl\":\"https:\\\/\\\/www.o-s-s.org\\\/wp-content\\\/uploads\\\/2017\\\/09\\\/logo-negro.png\",\"width\":764,\"height\":48,\"caption\":\"OSS Office for Strategic Spaces\"},\"image\":{\"@id\":\"https:\\\/\\\/www.o-s-s.org\\\/#\\\/schema\\\/logo\\\/image\\\/\"},\"sameAs\":[\"https:\\\/\\\/www.facebook.com\\\/StrategicSpaces\\\/\",\"https:\\\/\\\/www.instagram.com\\\/officeforstrategicspaces\\\/\",\"https:\\\/\\\/www.youtube.com\\\/user\\\/strategicspaces\\\/\"]},{\"@type\":\"Person\",\"@id\":\"https:\\\/\\\/www.o-s-s.org\\\/#\\\/schema\\\/person\\\/2a785beaa4d05af5b373cd96132c3ce3\",\"name\":\"OSS\",\"image\":{\"@type\":\"ImageObject\",\"inLanguage\":\"es\",\"@id\":\"https:\\\/\\\/secure.gravatar.com\\\/avatar\\\/6cd13c1e3f298d06fdc2886bb60113957663534d195d8b90ef9408d0d520ff23?s=96&d=mm&r=g\",\"url\":\"https:\\\/\\\/secure.gravatar.com\\\/avatar\\\/6cd13c1e3f298d06fdc2886bb60113957663534d195d8b90ef9408d0d520ff23?s=96&d=mm&r=g\",\"contentUrl\":\"https:\\\/\\\/secure.gravatar.com\\\/avatar\\\/6cd13c1e3f298d06fdc2886bb60113957663534d195d8b90ef9408d0d520ff23?s=96&d=mm&r=g\",\"caption\":\"OSS\"},\"url\":\"https:\\\/\\\/www.o-s-s.org\\\/es\\\/author\\\/simonarota\\\/\"}]}<\/script>\n<!-- \/ Yoast SEO plugin. -->","yoast_head_json":{"title":"\"The Competition\" abre el Festival de Film y Arquitectura de Rotterdam 13 - Office for Strategic Spaces","robots":{"index":"index","follow":"follow","max-snippet":"max-snippet:-1","max-image-preview":"max-image-preview:large","max-video-preview":"max-video-preview:-1"},"canonical":"https:\/\/www.o-s-s.org\/es\/the-competition-abre-el-festival-de-film-y-arquitectura-de-rotterdam-13\/","og_locale":"es_ES","og_type":"article","og_title":"\"The Competition\" abre el Festival de Film y Arquitectura de Rotterdam 13 - Office for Strategic Spaces","og_description":"\u00abThe Competition\u00bb, un documental dirigido por Angel Borrego Cubero y producido por OSS, ha sido seleccionado para abrir el Festival de Film y Arquitectura de Rotterdam 2013 (AFFR), siendo este el estreno mundial de la pelicula. La apertura del Festival contar\u00e1 con la participaci\u00f3n de Borrego Cubero y ser\u00e1 el 10 de Octubre en un [&hellip;]","og_url":"https:\/\/www.o-s-s.org\/es\/the-competition-abre-el-festival-de-film-y-arquitectura-de-rotterdam-13\/","og_site_name":"Office for Strategic Spaces","article_publisher":"https:\/\/www.facebook.com\/StrategicSpaces\/","article_published_time":"2013-09-25T18:46:49+00:00","article_modified_time":"2017-09-12T16:37:28+00:00","author":"OSS","twitter_card":"summary_large_image","twitter_misc":{"Escrito por":"OSS"},"schema":{"@context":"https:\/\/schema.org","@graph":[{"@type":"Article","@id":"https:\/\/www.o-s-s.org\/es\/the-competition-abre-el-festival-de-film-y-arquitectura-de-rotterdam-13\/#article","isPartOf":{"@id":"https:\/\/www.o-s-s.org\/es\/the-competition-abre-el-festival-de-film-y-arquitectura-de-rotterdam-13\/"},"author":{"name":"OSS","@id":"https:\/\/www.o-s-s.org\/#\/schema\/person\/2a785beaa4d05af5b373cd96132c3ce3"},"headline":"\u00abThe Competition\u00bb abre el Festival de Film y Arquitectura de Rotterdam 13","datePublished":"2013-09-25T18:46:49+00:00","dateModified":"2017-09-12T16:37:28+00:00","mainEntityOfPage":{"@id":"https:\/\/www.o-s-s.org\/es\/the-competition-abre-el-festival-de-film-y-arquitectura-de-rotterdam-13\/"},"wordCount":105,"publisher":{"@id":"https:\/\/www.o-s-s.org\/#organization"},"keywords":["AFFR 13","Angel Borrego","Angel Borrego Cubero","architecture film","Architecture Film Festival Rotterdam","competitions of architecture","Dominique Perrault","Frank Gehry","Jean Nouvel","Norman Foster","Office for Strategic Spaces","OSS","The Competition","Zaha Hadid"],"articleSection":["Noticias"],"inLanguage":"es"},{"@type":"WebPage","@id":"https:\/\/www.o-s-s.org\/es\/the-competition-abre-el-festival-de-film-y-arquitectura-de-rotterdam-13\/","url":"https:\/\/www.o-s-s.org\/es\/the-competition-abre-el-festival-de-film-y-arquitectura-de-rotterdam-13\/","name":"\"The Competition\" abre el Festival de Film y Arquitectura de Rotterdam 13 - Office for Strategic Spaces","isPartOf":{"@id":"https:\/\/www.o-s-s.org\/#website"},"datePublished":"2013-09-25T18:46:49+00:00","dateModified":"2017-09-12T16:37:28+00:00","breadcrumb":{"@id":"https:\/\/www.o-s-s.org\/es\/the-competition-abre-el-festival-de-film-y-arquitectura-de-rotterdam-13\/#breadcrumb"},"inLanguage":"es","potentialAction":[{"@type":"ReadAction","target":["https:\/\/www.o-s-s.org\/es\/the-competition-abre-el-festival-de-film-y-arquitectura-de-rotterdam-13\/"]}]},{"@type":"BreadcrumbList","@id":"https:\/\/www.o-s-s.org\/es\/the-competition-abre-el-festival-de-film-y-arquitectura-de-rotterdam-13\/#breadcrumb","itemListElement":[{"@type":"ListItem","position":1,"name":"Portada","item":"https:\/\/www.o-s-s.org\/es\/"},{"@type":"ListItem","position":2,"name":"\u00abThe Competition\u00bb abre el Festival de Film y Arquitectura de Rotterdam 13"}]},{"@type":"WebSite","@id":"https:\/\/www.o-s-s.org\/#website","url":"https:\/\/www.o-s-s.org\/","name":"OSS Office for Strategic Spaces","description":"Office for Strategic Spaces  I Arquitectura, Dise\u00f1o  &amp; Investigaci\u00f3n Urbana","publisher":{"@id":"https:\/\/www.o-s-s.org\/#organization"},"potentialAction":[{"@type":"SearchAction","target":{"@type":"EntryPoint","urlTemplate":"https:\/\/www.o-s-s.org\/?s={search_term_string}"},"query-input":{"@type":"PropertyValueSpecification","valueRequired":true,"valueName":"search_term_string"}}],"inLanguage":"es"},{"@type":"Organization","@id":"https:\/\/www.o-s-s.org\/#organization","name":"OSS Office for Strategic Spaces","url":"https:\/\/www.o-s-s.org\/","logo":{"@type":"ImageObject","inLanguage":"es","@id":"https:\/\/www.o-s-s.org\/#\/schema\/logo\/image\/","url":"https:\/\/www.o-s-s.org\/wp-content\/uploads\/2017\/09\/logo-negro.png","contentUrl":"https:\/\/www.o-s-s.org\/wp-content\/uploads\/2017\/09\/logo-negro.png","width":764,"height":48,"caption":"OSS Office for Strategic Spaces"},"image":{"@id":"https:\/\/www.o-s-s.org\/#\/schema\/logo\/image\/"},"sameAs":["https:\/\/www.facebook.com\/StrategicSpaces\/","https:\/\/www.instagram.com\/officeforstrategicspaces\/","https:\/\/www.youtube.com\/user\/strategicspaces\/"]},{"@type":"Person","@id":"https:\/\/www.o-s-s.org\/#\/schema\/person\/2a785beaa4d05af5b373cd96132c3ce3","name":"OSS","image":{"@type":"ImageObject","inLanguage":"es","@id":"https:\/\/secure.gravatar.com\/avatar\/6cd13c1e3f298d06fdc2886bb60113957663534d195d8b90ef9408d0d520ff23?s=96&d=mm&r=g","url":"https:\/\/secure.gravatar.com\/avatar\/6cd13c1e3f298d06fdc2886bb60113957663534d195d8b90ef9408d0d520ff23?s=96&d=mm&r=g","contentUrl":"https:\/\/secure.gravatar.com\/avatar\/6cd13c1e3f298d06fdc2886bb60113957663534d195d8b90ef9408d0d520ff23?s=96&d=mm&r=g","caption":"OSS"},"url":"https:\/\/www.o-s-s.org\/es\/author\/simonarota\/"}]}},"_links":{"self":[{"href":"https:\/\/www.o-s-s.org\/es\/wp-json\/wp\/v2\/posts\/997","targetHints":{"allow":["GET"]}}],"collection":[{"href":"https:\/\/www.o-s-s.org\/es\/wp-json\/wp\/v2\/posts"}],"about":[{"href":"https:\/\/www.o-s-s.org\/es\/wp-json\/wp\/v2\/types\/post"}],"author":[{"embeddable":true,"href":"https:\/\/www.o-s-s.org\/es\/wp-json\/wp\/v2\/users\/2"}],"replies":[{"embeddable":true,"href":"https:\/\/www.o-s-s.org\/es\/wp-json\/wp\/v2\/comments?post=997"}],"version-history":[{"count":0,"href":"https:\/\/www.o-s-s.org\/es\/wp-json\/wp\/v2\/posts\/997\/revisions"}],"wp:attachment":[{"href":"https:\/\/www.o-s-s.org\/es\/wp-json\/wp\/v2\/media?parent=997"}],"wp:term":[{"taxonomy":"category","embeddable":true,"href":"https:\/\/www.o-s-s.org\/es\/wp-json\/wp\/v2\/categories?post=997"},{"taxonomy":"post_tag","embeddable":true,"href":"https:\/\/www.o-s-s.org\/es\/wp-json\/wp\/v2\/tags?post=997"}],"curies":[{"name":"wp","href":"https:\/\/api.w.org\/{rel}","templated":true}]}}